{"id":2520,"date":"2019-05-23T10:35:00","date_gmt":"2019-05-23T13:35:00","guid":{"rendered":"http:\/\/bonettiassociados.com.br\/?p=2520"},"modified":"2019-05-23T10:35:00","modified_gmt":"2019-05-23T13:35:00","slug":"trt-15-afasta-multa-a-testemunha-e-diz-que-reforma-trabalhista-e-inaplicavel","status":"publish","type":"post","link":"https:\/\/bonettiassociados.com.br\/index.php\/2019\/05\/23\/trt-15-afasta-multa-a-testemunha-e-diz-que-reforma-trabalhista-e-inaplicavel\/","title":{"rendered":"TRT-15 AFASTA MULTA A TESTEMUNHA E DIZ QUE REFORMA TRABALHISTA \u00c9 INAPLIC\u00c1VEL"},"content":{"rendered":"<p style=\"text-align: justify;\"><span style=\"font-family: arial, helvetica, sans-serif;\">Ao reformar decis\u00e3o que multou uma testemunha, a 1\u00aa C\u00e2mara do Tribunal Regional do Trabalho da 15\u00aa Regi\u00e3o (Campinas-SP) criticou a reforma trabalhista (Lei 13.467\/2017) e a classificou como ileg\u00edtima e inaplic\u00e1vel.<\/span><!--more--><\/p>\n<p style=\"text-align: justify;\"><span style=\"font-family: arial, helvetica, sans-serif;\">Utilizando o termo reforma sempre entre aspas, o relator, desembargador Jorge Luiz Souto Maior, diz que se trata de uma lei tocada a toque de caixa sem qualquer cuidado t\u00e9cnico.<\/span><\/p>\n<p style=\"text-align: justify;\"><span style=\"font-family: arial, helvetica, sans-serif;\">&#8220;O resultado \u00e9 um texto legislativo confuso, amb\u00edguo, incompleto e contradit\u00f3rio, al\u00e9m de trazer repetidas agress\u00f5es a diversos dispositivos constitucionais e de afrontar normas, princ\u00edpios, conceitos e institutos jur\u00eddicos trabalhistas.&#8221;<\/span><\/p>\n<p style=\"text-align: justify;\"><span style=\"font-family: arial, helvetica, sans-serif;\">Al\u00e9m dos problemas na tramita\u00e7\u00e3o e elabora\u00e7\u00e3o da lei, o desembargador afirma ainda que a aplica\u00e7\u00e3o da norma tem provocado in\u00fameras decis\u00f5es contradit\u00f3rias. Segundo Souto Maior, nem mesmo a promessa de que a reforma geraria mais empregos teve resultado.<\/span><\/p>\n<p style=\"text-align: justify;\"><span style=\"font-family: arial, helvetica, sans-serif;\">&#8220;O que a realidade demonstra \u00e9 que se est\u00e1 caminhando cada vez mais para dentro do labirinto jur\u00eddico criado pela Lei 13.467\/17 e quanto mais se buscam sa\u00eddas para a sua aplica\u00e7\u00e3o, na forma como imaginaram os seus defensores, o que sequer tem apoio no pr\u00f3prio texto legislativo editado, mais distante se estar\u00e1 da sa\u00edda. Tudo isso, no entanto, \u00e9 meramente o efeito inevit\u00e1vel de uma lei elaborada \u00e0s pressas, sem o respeito ao devido procedimento legislativo, constitucionalmente previsto&#8221;, diz.<\/span><\/p>\n<p style=\"text-align: justify;\"><span style=\"font-family: arial, helvetica, sans-serif;\">Multa para testemunha<\/span><\/p>\n<p style=\"text-align: justify;\"><span style=\"font-family: arial, helvetica, sans-serif;\">Em rela\u00e7\u00e3o \u00e0 multa para a testemunha, aplicada na senten\u00e7a porque, segundo o juiz, a testemunha apresentou depoimentos contradit\u00f3rios para favorecer o autor da a\u00e7\u00e3o, Souto Maior afirmou que a decis\u00e3o est\u00e1 errada.<\/span><\/p>\n<p style=\"text-align: justify;\"><span style=\"font-family: arial, helvetica, sans-serif;\">Conforme ele, ainda que a reforma trabalhista fosse leg\u00edtima, o texto se refere \u00e0 inten\u00e7\u00e3o da testemunha em alterar a verdade dos fatos ou omitir fatos essenciais ao julgamento da causa. Para o desembargador, o depoimento contradit\u00f3rio em alguns pontos n\u00e3o se encaixa nessas hip\u00f3teses.<\/span><\/p>\n<p style=\"text-align: justify;\"><span style=\"font-family: arial, helvetica, sans-serif;\">&#8220;A contradi\u00e7\u00e3o verificada no depoimento da testemunha, embora retire seu valor probat\u00f3rio, n\u00e3o tipifica o crime de falso testemunho, porquanto n\u00e3o evidenciada a inten\u00e7\u00e3o da testemunha em mentir em Ju\u00edzo.&#8221;<\/span><\/p>\n<p style=\"text-align: justify;\"><span style=\"font-family: arial, helvetica, sans-serif;\">Clique aqui para ler a decis\u00e3o.<\/span><\/p>\n<p style=\"text-align: justify;\"><span style=\"font-family: arial, helvetica, sans-serif;\">0010062-77.2018.5.15.0050<\/span><\/p>\n<p style=\"text-align: justify;\"><span style=\"font-family: arial, helvetica, sans-serif;\"><strong>FONTE: Conjur \u2013 Por Tadeu Rover<\/strong><\/span><\/p>\n","protected":false},"excerpt":{"rendered":"<p>Ao reformar decis\u00e3o que multou uma testemunha, a 1\u00aa C\u00e2mara [&hellip;]<\/p>\n","protected":false},"author":6,"featured_media":0,"comment_status":"closed","ping_status":"open","sticky":false,"template":"","format":"standard","meta":{"jetpack_post_was_ever_published":false,"_jetpack_newsletter_access":"","_jetpack_dont_email_post_to_subs":false,"_jetpack_newsletter_tier_id":0,"_jetpack_memberships_contains_paywalled_content":false,"footnotes":"","_jetpack_memberships_contains_paid_content":false,"jetpack_publicize_message":"","jetpack_publicize_feature_enabled":true,"jetpack_social_post_already_shared":true,"jetpack_social_options":{"image_generator_settings":{"template":"highway","enabled":false}}},"categories":[2],"tags":[],"jetpack_publicize_connections":[],"jetpack_featured_media_url":"","jetpack_sharing_enabled":true,"jetpack_shortlink":"https:\/\/wp.me\/paFpWR-EE","_links":{"self":[{"href":"https:\/\/bonettiassociados.com.br\/index.php\/wp-json\/wp\/v2\/posts\/2520"}],"collection":[{"href":"https:\/\/bonettiassociados.com.br\/index.php\/wp-json\/wp\/v2\/posts"}],"about":[{"href":"https:\/\/bonettiassociados.com.br\/index.php\/wp-json\/wp\/v2\/types\/post"}],"author":[{"embeddable":true,"href":"https:\/\/bonettiassociados.com.br\/index.php\/wp-json\/wp\/v2\/users\/6"}],"replies":[{"embeddable":true,"href":"https:\/\/bonettiassociados.com.br\/index.php\/wp-json\/wp\/v2\/comments?post=2520"}],"version-history":[{"count":1,"href":"https:\/\/bonettiassociados.com.br\/index.php\/wp-json\/wp\/v2\/posts\/2520\/revisions"}],"predecessor-version":[{"id":2521,"href":"https:\/\/bonettiassociados.com.br\/index.php\/wp-json\/wp\/v2\/posts\/2520\/revisions\/2521"}],"wp:attachment":[{"href":"https:\/\/bonettiassociados.com.br\/index.php\/wp-json\/wp\/v2\/media?parent=2520"}],"wp:term":[{"taxonomy":"category","embeddable":true,"href":"https:\/\/bonettiassociados.com.br\/index.php\/wp-json\/wp\/v2\/categories?post=2520"},{"taxonomy":"post_tag","embeddable":true,"href":"https:\/\/bonettiassociados.com.br\/index.php\/wp-json\/wp\/v2\/tags?post=2520"}],"curies":[{"name":"wp","href":"https:\/\/api.w.org\/{rel}","templated":true}]}}