{"id":1234,"date":"2019-04-02T10:02:15","date_gmt":"2019-04-02T13:02:15","guid":{"rendered":"http:\/\/bonettiassociados.com.br\/?p=1234"},"modified":"2019-04-02T10:02:15","modified_gmt":"2019-04-02T13:02:15","slug":"governo-quer-acabar-com-tributacao-sobre-folha-salarial","status":"publish","type":"post","link":"https:\/\/bonettiassociados.com.br\/index.php\/2019\/04\/02\/governo-quer-acabar-com-tributacao-sobre-folha-salarial\/","title":{"rendered":"GOVERNO QUER ACABAR COM TRIBUTA\u00c7\u00c3O SOBRE FOLHA SALARIAL"},"content":{"rendered":"<p style=\"text-align: justify;\"><span style=\"font-family: arial, helvetica, sans-serif;\">Outra ideia do governo \u00e9 criar mecanismos para que a economia informal pague impostos<\/span><!--more--><\/p>\n<p style=\"text-align: justify;\"><span style=\"font-family: arial, helvetica, sans-serif;\">O secret\u00e1rio especial da Receita Federal, Marcos Cintra, anunciou na \u00faltima sexta-feira (29) que &#8220;est\u00e1 no forno&#8221; uma proposta de reforma tribut\u00e1ria do governo Bolsonaro. Por meio de seu perfil no Twitter, o economista afirmou que o &#8220;ponto fundamental&#8221; do projeto ser\u00e1 acabar com a tributa\u00e7\u00e3o sobre a folha de sal\u00e1rio. &#8220;Dezenas de milh\u00f5es de desempregados ter\u00e3o mais oportunidades de emprego&#8221;, projetou.<\/span><\/p>\n<p style=\"text-align: justify;\"><span style=\"font-family: arial, helvetica, sans-serif;\">Outra ideia do governo, segundo Cintra, \u00e9 criar mecanismos para que a economia informal pague impostos. Segundo as contas do secret\u00e1rio, a base tribut\u00e1ria poder\u00e1 crescer 30% se houver arrecada\u00e7\u00e3o na informalidade e combate \u00e0 sonega\u00e7\u00e3o. &#8220;Assim, quem paga impostos demais hoje, vai poder pagar menos&#8221;, escreveu Cintra.<\/span><\/p>\n<p style=\"text-align: justify;\"><span style=\"font-family: arial, helvetica, sans-serif;\">O secret\u00e1rio \u00e9 autor da ideia do imposto \u00fanico, uma teoria econ\u00f4mica que prev\u00ea a substitui\u00e7\u00e3o de todos os tributos declarat\u00f3rios (como o Imposto de Renda) por apenas um. Segundo a ideia de Cintra, a Receita cobraria uma al\u00edquota de 5,62% sobre todas as transa\u00e7\u00f5es banc\u00e1rias (2,81% taxadas no d\u00e9bito e 2,81% no cr\u00e9dito).<\/span><\/p>\n<p style=\"text-align: justify;\"><span style=\"font-family: arial, helvetica, sans-serif;\">Articula\u00e7\u00f5es<\/span><\/p>\n<p style=\"text-align: justify;\"><span style=\"font-family: arial, helvetica, sans-serif;\">Na \u00faltima semana, o ministro da Economia, Paulo Guedes, e o presidente da C\u00e2mara, Rodrigo Maia (DEM-RJ), trataram da possibilidade da reforma tributaria tramitar no Congresso ainda no primeiro semestre, em paralelo \u00e0 da Previd\u00eancia. Legislativo e Executivo articulam a cria\u00e7\u00e3o de um grupo de trabalho para tratar do assunto.<\/span><\/p>\n<p style=\"text-align: justify;\"><span style=\"font-family: arial, helvetica, sans-serif;\">O Congresso lan\u00e7ou, na semana passada, uma frente parlamentar da reforma tribut\u00e1ria, que re\u00fane 187 deputados e 39 senadores. O colegiado \u00e9 coordenado pelo deputado Luis Miranda (DEM-DF). A ideia do parlamentar \u00e9 que o Congresso debata o tema antes que o governo apresente uma proposta consolidada.<\/span><\/p>\n<p style=\"text-align: justify;\"><span style=\"font-family: arial, helvetica, sans-serif;\">&#8220;O objetivo da frente \u00e9 discutir primeiro com os parlamentares o que eles aceitariam. O que eles acreditam que \u00e9 o melhor caminho para uma poss\u00edvel aprova\u00e7\u00e3o e, a partir da\u00ed, desse momento, termos um texto final para propor para o governo&#8221;, disse Miranda \u00e0 Ag\u00eancia C\u00e2mara.<\/span><\/p>\n<p style=\"text-align: justify;\"><span style=\"font-family: arial, helvetica, sans-serif;\"><strong>FONTE: Congresso em Foco<\/strong><\/span><\/p>\n","protected":false},"excerpt":{"rendered":"<p>Outra ideia do governo \u00e9 criar mecanismos para que a [&hellip;]<\/p>\n","protected":false},"author":6,"featured_media":0,"comment_status":"closed","ping_status":"open","sticky":false,"template":"","format":"standard","meta":{"jetpack_post_was_ever_published":false,"_jetpack_newsletter_access":"","_jetpack_dont_email_post_to_subs":false,"_jetpack_newsletter_tier_id":0,"_jetpack_memberships_contains_paywalled_content":false,"footnotes":"","_jetpack_memberships_contains_paid_content":false,"jetpack_publicize_message":"","jetpack_publicize_feature_enabled":true,"jetpack_social_post_already_shared":true,"jetpack_social_options":{"image_generator_settings":{"template":"highway","enabled":false}}},"categories":[2],"tags":[],"jetpack_publicize_connections":[],"jetpack_featured_media_url":"","jetpack_sharing_enabled":true,"jetpack_shortlink":"https:\/\/wp.me\/paFpWR-jU","_links":{"self":[{"href":"https:\/\/bonettiassociados.com.br\/index.php\/wp-json\/wp\/v2\/posts\/1234"}],"collection":[{"href":"https:\/\/bonettiassociados.com.br\/index.php\/wp-json\/wp\/v2\/posts"}],"about":[{"href":"https:\/\/bonettiassociados.com.br\/index.php\/wp-json\/wp\/v2\/types\/post"}],"author":[{"embeddable":true,"href":"https:\/\/bonettiassociados.com.br\/index.php\/wp-json\/wp\/v2\/users\/6"}],"replies":[{"embeddable":true,"href":"https:\/\/bonettiassociados.com.br\/index.php\/wp-json\/wp\/v2\/comments?post=1234"}],"version-history":[{"count":1,"href":"https:\/\/bonettiassociados.com.br\/index.php\/wp-json\/wp\/v2\/posts\/1234\/revisions"}],"predecessor-version":[{"id":1235,"href":"https:\/\/bonettiassociados.com.br\/index.php\/wp-json\/wp\/v2\/posts\/1234\/revisions\/1235"}],"wp:attachment":[{"href":"https:\/\/bonettiassociados.com.br\/index.php\/wp-json\/wp\/v2\/media?parent=1234"}],"wp:term":[{"taxonomy":"category","embeddable":true,"href":"https:\/\/bonettiassociados.com.br\/index.php\/wp-json\/wp\/v2\/categories?post=1234"},{"taxonomy":"post_tag","embeddable":true,"href":"https:\/\/bonettiassociados.com.br\/index.php\/wp-json\/wp\/v2\/tags?post=1234"}],"curies":[{"name":"wp","href":"https:\/\/api.w.org\/{rel}","templated":true}]}}