{"id":1224,"date":"2019-04-02T09:54:34","date_gmt":"2019-04-02T12:54:34","guid":{"rendered":"http:\/\/bonettiassociados.com.br\/?p=1224"},"modified":"2019-04-02T09:54:34","modified_gmt":"2019-04-02T12:54:34","slug":"processos-com-pedido-de-vista-terao-retorno-automatico-na-corte-especial-do-stj","status":"publish","type":"post","link":"https:\/\/bonettiassociados.com.br\/index.php\/2019\/04\/02\/processos-com-pedido-de-vista-terao-retorno-automatico-na-corte-especial-do-stj\/","title":{"rendered":"PROCESSOS COM PEDIDO DE VISTA TER\u00c3O RETORNO AUTOM\u00c1TICO NA CORTE ESPECIAL DO STJ"},"content":{"rendered":"<p style=\"text-align: justify;\"><span style=\"font-family: arial, helvetica, sans-serif;\">O Superior Tribunal de Justi\u00e7a publicou, no dia 25 de mar\u00e7o, portaria em que afirma que, no \u00e2mbito da Corte Especial, os processos com pedido de vista ser\u00e3o inclu\u00eddos na pauta da sess\u00e3o imediatamente posterior \u00e0 data do vencimento do prazo regimental, independentemente de o voto-vista estar ou n\u00e3o redigido.<\/span><!--more--><\/p>\n<p style=\"text-align: justify;\"><span style=\"font-family: arial, helvetica, sans-serif;\">Segundo a portaria, os processos constantes de pautas publicadas ser\u00e3o inclu\u00eddos no \u00edndice da sess\u00e3o de julgamento da Corte Especial impreterivelmente at\u00e9 48 horas antes do hor\u00e1rio previsto para in\u00edcio da sess\u00e3o.<\/span><\/p>\n<p style=\"text-align: justify;\"><span style=\"font-family: arial, helvetica, sans-serif;\">De acordo com a lei<\/span><\/p>\n<p style=\"text-align: justify;\"><span style=\"font-family: arial, helvetica, sans-serif;\">Em outubro do ano passado, o presidente do STJ, ministro Jo\u00e3o Ot\u00e1vio de Noronha, determinou que a partir de dezembro os processos suspensos por pedido de vista na Corte Especial h\u00e1 mais de 60 dias deveriam retornar automaticamente \u00e0 pauta de julgamentos.<\/span><\/p>\n<p style=\"text-align: justify;\"><span style=\"font-family: arial, helvetica, sans-serif;\">De acordo com Noronha, os casos ser\u00e3o recolocados em pauta independentemente de o ministro que pediu vista ter preparado o voto. &#8220;Temos que nos pautar conforme a lei e nosso regimento&#8221;, disse, em dezembro.<\/span><\/p>\n<p style=\"text-align: justify;\"><span style=\"font-family: arial, helvetica, sans-serif;\">Clique aqui para ler a portaria.<\/span><\/p>\n<p style=\"text-align: justify;\"><span style=\"font-family: arial, helvetica, sans-serif;\">Portaria 94<\/span><\/p>\n<p style=\"text-align: justify;\"><span style=\"font-family: arial, helvetica, sans-serif;\"><strong>FONTE: Conjur \u2013 Por Gabriela Coelho<\/strong><\/span><\/p>\n","protected":false},"excerpt":{"rendered":"<p>O Superior Tribunal de Justi\u00e7a publicou, no dia 25 de [&hellip;]<\/p>\n","protected":false},"author":6,"featured_media":0,"comment_status":"closed","ping_status":"open","sticky":false,"template":"","format":"standard","meta":{"jetpack_post_was_ever_published":false,"_jetpack_newsletter_access":"","_jetpack_dont_email_post_to_subs":false,"_jetpack_newsletter_tier_id":0,"_jetpack_memberships_contains_paywalled_content":false,"footnotes":"","_jetpack_memberships_contains_paid_content":false,"jetpack_publicize_message":"","jetpack_publicize_feature_enabled":true,"jetpack_social_post_already_shared":true,"jetpack_social_options":{"image_generator_settings":{"template":"highway","enabled":false}}},"categories":[2],"tags":[],"jetpack_publicize_connections":[],"jetpack_featured_media_url":"","jetpack_sharing_enabled":true,"jetpack_shortlink":"https:\/\/wp.me\/paFpWR-jK","_links":{"self":[{"href":"https:\/\/bonettiassociados.com.br\/index.php\/wp-json\/wp\/v2\/posts\/1224"}],"collection":[{"href":"https:\/\/bonettiassociados.com.br\/index.php\/wp-json\/wp\/v2\/posts"}],"about":[{"href":"https:\/\/bonettiassociados.com.br\/index.php\/wp-json\/wp\/v2\/types\/post"}],"author":[{"embeddable":true,"href":"https:\/\/bonettiassociados.com.br\/index.php\/wp-json\/wp\/v2\/users\/6"}],"replies":[{"embeddable":true,"href":"https:\/\/bonettiassociados.com.br\/index.php\/wp-json\/wp\/v2\/comments?post=1224"}],"version-history":[{"count":1,"href":"https:\/\/bonettiassociados.com.br\/index.php\/wp-json\/wp\/v2\/posts\/1224\/revisions"}],"predecessor-version":[{"id":1225,"href":"https:\/\/bonettiassociados.com.br\/index.php\/wp-json\/wp\/v2\/posts\/1224\/revisions\/1225"}],"wp:attachment":[{"href":"https:\/\/bonettiassociados.com.br\/index.php\/wp-json\/wp\/v2\/media?parent=1224"}],"wp:term":[{"taxonomy":"category","embeddable":true,"href":"https:\/\/bonettiassociados.com.br\/index.php\/wp-json\/wp\/v2\/categories?post=1224"},{"taxonomy":"post_tag","embeddable":true,"href":"https:\/\/bonettiassociados.com.br\/index.php\/wp-json\/wp\/v2\/tags?post=1224"}],"curies":[{"name":"wp","href":"https:\/\/api.w.org\/{rel}","templated":true}]}}