{"id":1214,"date":"2019-03-29T11:19:49","date_gmt":"2019-03-29T14:19:49","guid":{"rendered":"http:\/\/bonettiassociados.com.br\/?p=1214"},"modified":"2019-03-29T11:19:49","modified_gmt":"2019-03-29T14:19:49","slug":"stj-reafirma-entendimento-de-stf-e-volta-a-julgar-ilegal-pratica-de-desaposentacao","status":"publish","type":"post","link":"https:\/\/bonettiassociados.com.br\/index.php\/2019\/03\/29\/stj-reafirma-entendimento-de-stf-e-volta-a-julgar-ilegal-pratica-de-desaposentacao\/","title":{"rendered":"STJ REAFIRMA ENTENDIMENTO DE STF E VOLTA A JULGAR ILEGAL PR\u00c1TICA DE &#8216;DESAPOSENTA\u00c7\u00c3O&#8217;"},"content":{"rendered":"<p style=\"text-align: justify;\"><span style=\"font-family: arial, helvetica, sans-serif;\">Decis\u00e3o combate rec\u00e1lculo de aposentadorias mais vantajosas entre contribuintes que continuaram colaborando com a Previd\u00eancia Social<\/span><!--more--><\/p>\n<p style=\"text-align: justify;\"><span style=\"font-family: arial, helvetica, sans-serif;\">O Superior Tribunal de Justi\u00e7a (STJ) reafirmou nesta quarta-feira, 27, o entendimento do Supremo Tribunal Federal (STF) de que n\u00e3o \u00e9 vi\u00e1vel a pr\u00e1tica da desaposenta\u00e7\u00e3o, quando um aposentado volta a trabalhar e exige o rec\u00e1lculo do benef\u00edcio.<\/span><\/p>\n<p style=\"text-align: justify;\"><span style=\"font-family: arial, helvetica, sans-serif;\">A Primeira Se\u00e7\u00e3o do STJ acolheu em julgamento um recurso de Uni\u00e3o para reverter a decis\u00e3o da Corte, que considerou em 2013 legal a desaposenta\u00e7\u00e3o. A revers\u00e3o ocorreu porque, em 2016, o STF considerou a pr\u00e1tica invi\u00e1vel, o que se sobrep\u00f5e ao entendimento do STJ &#8211; que est\u00e1 num grau abaixo na hierarquia Judici\u00e1ria. Como a decis\u00e3o da Suprema Corte foi tomada atrav\u00e9s de recurso com repercuss\u00e3o geral, a tese passou a valer em todo o territ\u00f3rio nacional.<\/span><\/p>\n<p style=\"text-align: justify;\"><span style=\"font-family: arial, helvetica, sans-serif;\">Relator do processo, o ministro Herman Benjamin destacou, em voto r\u00e1pido acompanhado por unanimidade, que era o caso de reformar o que foi decidido pelo STJ e dar provimento ao recurso do INSS, afastando a pr\u00e1tica da desaposenta\u00e7\u00e3o. Na Justi\u00e7a, o INSS sempre buscou combater o rec\u00e1lculo para aposentadoria mais vantajosa entre os contribuintes que continuaram colaborando com o Regime Geral da Previd\u00eancia Social. Em 2016, finalmente foi a vez de o STF julgar a controv\u00e9rsia, conferindo uma vit\u00f3ria para a Uni\u00e3o.<\/span><\/p>\n<p style=\"text-align: justify;\"><span style=\"font-family: arial, helvetica, sans-serif;\">Na ocasi\u00e3o, os ministros do Supremo entenderam que apenas por meio de lei \u00e9 poss\u00edvel fixar crit\u00e9rios para que os benef\u00edcios sejam recalculados com base em novas contribui\u00e7\u00f5es. A pr\u00e1tica de desaposenta\u00e7\u00e3o foi considerada invi\u00e1vel por 7 votos a 4. \u00c0 \u00e9poca, a Advocacia-Geral da Uni\u00e3o (AGU) estimava que um eventual reconhecimento ao direito de desaposenta\u00e7\u00e3o traria um impacto anual da ordem de R$ 7,7 bilh\u00f5es. Em 30 anos, o valor chegaria a quase R$ 182 bilh\u00f5es.<\/span><\/p>\n<p style=\"text-align: justify;\"><span style=\"font-family: arial, helvetica, sans-serif;\"><strong>FONTE: O Estad\u00e3o<\/strong><\/span><\/p>\n","protected":false},"excerpt":{"rendered":"<p>Decis\u00e3o combate rec\u00e1lculo de aposentadorias mais vantajosas entre contribuintes que [&hellip;]<\/p>\n","protected":false},"author":6,"featured_media":0,"comment_status":"closed","ping_status":"open","sticky":false,"template":"","format":"standard","meta":{"jetpack_post_was_ever_published":false,"_jetpack_newsletter_access":"","_jetpack_dont_email_post_to_subs":false,"_jetpack_newsletter_tier_id":0,"_jetpack_memberships_contains_paywalled_content":false,"footnotes":"","_jetpack_memberships_contains_paid_content":false,"jetpack_publicize_message":"","jetpack_publicize_feature_enabled":true,"jetpack_social_post_already_shared":true,"jetpack_social_options":{"image_generator_settings":{"template":"highway","enabled":false}}},"categories":[2],"tags":[],"jetpack_publicize_connections":[],"jetpack_featured_media_url":"","jetpack_sharing_enabled":true,"jetpack_shortlink":"https:\/\/wp.me\/paFpWR-jA","_links":{"self":[{"href":"https:\/\/bonettiassociados.com.br\/index.php\/wp-json\/wp\/v2\/posts\/1214"}],"collection":[{"href":"https:\/\/bonettiassociados.com.br\/index.php\/wp-json\/wp\/v2\/posts"}],"about":[{"href":"https:\/\/bonettiassociados.com.br\/index.php\/wp-json\/wp\/v2\/types\/post"}],"author":[{"embeddable":true,"href":"https:\/\/bonettiassociados.com.br\/index.php\/wp-json\/wp\/v2\/users\/6"}],"replies":[{"embeddable":true,"href":"https:\/\/bonettiassociados.com.br\/index.php\/wp-json\/wp\/v2\/comments?post=1214"}],"version-history":[{"count":1,"href":"https:\/\/bonettiassociados.com.br\/index.php\/wp-json\/wp\/v2\/posts\/1214\/revisions"}],"predecessor-version":[{"id":1215,"href":"https:\/\/bonettiassociados.com.br\/index.php\/wp-json\/wp\/v2\/posts\/1214\/revisions\/1215"}],"wp:attachment":[{"href":"https:\/\/bonettiassociados.com.br\/index.php\/wp-json\/wp\/v2\/media?parent=1214"}],"wp:term":[{"taxonomy":"category","embeddable":true,"href":"https:\/\/bonettiassociados.com.br\/index.php\/wp-json\/wp\/v2\/categories?post=1214"},{"taxonomy":"post_tag","embeddable":true,"href":"https:\/\/bonettiassociados.com.br\/index.php\/wp-json\/wp\/v2\/tags?post=1214"}],"curies":[{"name":"wp","href":"https:\/\/api.w.org\/{rel}","templated":true}]}}