{"id":62465,"date":"2026-04-30T11:50:13","date_gmt":"2026-04-30T14:50:13","guid":{"rendered":"https:\/\/bonettiassociados.com.br\/?p=62465"},"modified":"2026-04-30T11:50:13","modified_gmt":"2026-04-30T14:50:13","slug":"arrecadacao-federal-bate-recorde-em-marco-e-atinge-r-22925-bilhoes","status":"publish","type":"post","link":"http:\/\/bonettiassociados.com.br\/index.php\/2026\/04\/30\/arrecadacao-federal-bate-recorde-em-marco-e-atinge-r-22925-bilhoes\/","title":{"rendered":"ARRECADA\u00c7\u00c3O FEDERAL BATE RECORDE EM MAR\u00c7O E ATINGE R$ 229,25 BILH\u00d5ES"},"content":{"rendered":"<p style=\"text-align: justify;\"><span style=\"font-family: arial, helvetica, sans-serif;\">Receita Federal registra maior arrecada\u00e7\u00e3o para mar\u00e7o desde 1995; no trimestre, total chega a R$ 777,12 bilh\u00f5es com alta real sobre 2025.<\/span><\/p>\n<p style=\"text-align: justify;\"><!--more--><\/p>\n<p style=\"text-align: justify;\"><span style=\"font-family: arial, helvetica, sans-serif;\">A arrecada\u00e7\u00e3o do governo federal atingiu R$ 229,25 bilh\u00f5es em mar\u00e7o de 2026, maior valor j\u00e1 registrado para o m\u00eas na s\u00e9rie hist\u00f3rica iniciada em 1995. Em termos reais, j\u00e1 descontada a infla\u00e7\u00e3o, o resultado representa crescimento de 4,99% em rela\u00e7\u00e3o a mar\u00e7o de 2025.<\/span><\/p>\n<p style=\"text-align: justify;\"><span style=\"font-family: arial, helvetica, sans-serif;\">No acumulado de janeiro a mar\u00e7o, a arrecada\u00e7\u00e3o federal somou R$ 777,12 bilh\u00f5es, tamb\u00e9m em n\u00edvel recorde para o per\u00edodo, com alta real de 4,58% na compara\u00e7\u00e3o com o primeiro trimestre do ano passado. Desse total, R$ 758,8 bilh\u00f5es correspondem \u00e0s receitas administradas pela Receita Federal.<\/span><\/p>\n<p style=\"text-align: justify;\"><span style=\"font-family: arial, helvetica, sans-serif;\">Entre os tributos com maior avan\u00e7o no trimestre, o destaque ficou com o IOF, cuja arrecada\u00e7\u00e3o cresceu 44,45% em termos reais. Tamb\u00e9m houve alta relevante em\u00a0<strong>Cofins<\/strong>\/<strong>PIS<\/strong>-Pasep, com expans\u00e3o de 5,60%, e no IRRF sobre rendimentos de capital, com crescimento de 20,40%. A receita previdenci\u00e1ria avan\u00e7ou 5,37% no per\u00edodo.<\/span><\/p>\n<p style=\"text-align: justify;\"><span style=\"font-family: arial, helvetica, sans-serif;\"><strong>IOF e renda puxaram a arrecada\u00e7\u00e3o<\/strong><\/span><\/p>\n<p style=\"text-align: justify;\"><span style=\"font-family: arial, helvetica, sans-serif;\">O desempenho da arrecada\u00e7\u00e3o em mar\u00e7o e no trimestre foi impulsionado principalmente pelos tributos ligados a opera\u00e7\u00f5es financeiras, renda e consumo.<\/span><\/p>\n<p style=\"text-align: justify;\"><span style=\"font-family: arial, helvetica, sans-serif;\">No caso do IOF, a alta foi uma das mais expressivas do per\u00edodo. Em mar\u00e7o, a arrecada\u00e7\u00e3o com o imposto somou R$ 8,35 bilh\u00f5es, com crescimento real de 50,06% sobre o mesmo m\u00eas de 2025. No acumulado do trimestre, a expans\u00e3o chegou a 44,45%.<\/span><\/p>\n<p style=\"text-align: justify;\"><span style=\"font-family: arial, helvetica, sans-serif;\">Segundo a Receita, esse avan\u00e7o reflete mudan\u00e7as promovidas em 2025 na tributa\u00e7\u00e3o de opera\u00e7\u00f5es de cr\u00e9dito e c\u00e2mbio, al\u00e9m do comportamento dessas opera\u00e7\u00f5es no per\u00edodo.<\/span><\/p>\n<p style=\"text-align: justify;\"><span style=\"font-family: arial, helvetica, sans-serif;\">Tamb\u00e9m contribu\u00edram para o resultado o aumento da arrecada\u00e7\u00e3o previdenci\u00e1ria, favorecida pelo mercado de trabalho formal, e o avan\u00e7o dos tributos sobre consumo e servi\u00e7os, como PIS e Cofins.<\/span><\/p>\n<p style=\"text-align: justify;\"><span style=\"font-family: arial, helvetica, sans-serif;\"><strong>Consumo, importa\u00e7\u00f5es e servi\u00e7os sustentaram o resultado<\/strong><\/span><\/p>\n<p style=\"text-align: justify;\"><span style=\"font-family: arial, helvetica, sans-serif;\">A arrecada\u00e7\u00e3o de PIS\/Pasep e Cofins chegou a R$ 48,14 bilh\u00f5es em mar\u00e7o, com alta real de 4,35% sobre o mesmo m\u00eas de 2025. J\u00e1 no trimestre, o total arrecadado com esses tributos foi de R$ 153,13 bilh\u00f5es.<\/span><\/p>\n<p style=\"text-align: justify;\"><span style=\"font-family: arial, helvetica, sans-serif;\">Outro destaque veio do Imposto de Importa\u00e7\u00e3o e do IPI vinculado \u00e0 importa\u00e7\u00e3o, que somaram R$ 12,69 bilh\u00f5es em mar\u00e7o e registraram crescimento real de 31,56% na compara\u00e7\u00e3o anual. No acumulado do trimestre, essa rubrica teve alta de 2,03%.<\/span><\/p>\n<p style=\"text-align: justify;\"><span style=\"font-family: arial, helvetica, sans-serif;\">Na leitura da Receita, o resultado reflete a atividade econ\u00f4mica, o comportamento do consumo e dos servi\u00e7os e medidas tribut\u00e1rias adotadas nos \u00faltimos anos.<\/span><\/p>\n<p style=\"text-align: justify;\"><span style=\"font-family: arial, helvetica, sans-serif;\"><strong>IRPJ\u00a0e\u00a0CSLL\u00a0recuaram no trimestre<\/strong><\/span><\/p>\n<p style=\"text-align: justify;\"><span style=\"font-family: arial, helvetica, sans-serif;\">Apesar do desempenho positivo do conjunto da arrecada\u00e7\u00e3o, algumas rubricas apresentaram queda.<\/span><\/p>\n<p style=\"text-align: justify;\"><span style=\"font-family: arial, helvetica, sans-serif;\">No acumulado de janeiro a mar\u00e7o, IRPJ e CSLL somaram R$ 175,12 bilh\u00f5es, com recuo real de 1,39% em rela\u00e7\u00e3o ao mesmo per\u00edodo de 2025. O IRRF sobre rendimentos do trabalho tamb\u00e9m teve leve retra\u00e7\u00e3o de 0,59% no trimestre.<\/span><\/p>\n<p style=\"text-align: justify;\"><span style=\"font-family: arial, helvetica, sans-serif;\">Mesmo com esses recuos pontuais, o avan\u00e7o de receitas como IOF, Cofins\/PIS-Pasep, receita previdenci\u00e1ria e IRRF sobre capital garantiu o resultado recorde da arrecada\u00e7\u00e3o federal no in\u00edcio de 2026.<\/span><\/p>\n<p style=\"text-align: justify;\"><span style=\"font-family: arial, helvetica, sans-serif;\"><strong>Meta fiscal segue no radar<\/strong><\/span><\/p>\n<p style=\"text-align: justify;\"><span style=\"font-family: arial, helvetica, sans-serif;\">A arrecada\u00e7\u00e3o \u00e9 uma das bases do resultado fiscal do governo central e influencia diretamente o cumprimento da meta de 2026. O desempenho do trimestre refor\u00e7a o in\u00edcio de ano em patamar elevado de receitas, ap\u00f3s recordes tamb\u00e9m em janeiro e fevereiro.<\/span><\/p>\n<p style=\"text-align: justify;\"><span style=\"font-family: arial, helvetica, sans-serif;\">O comportamento da arrecada\u00e7\u00e3o ao longo do ano, por\u00e9m, seguir\u00e1 dependente da atividade econ\u00f4mica, do mercado de trabalho e do efeito das medidas tribut\u00e1rias j\u00e1 adotadas.<\/span><\/p>\n<p style=\"text-align: justify;\"><span style=\"font-family: arial, helvetica, sans-serif;\"><strong>FONTE: CONT\u00c1BEIS \u2013 POR JULIANA MORATTO<\/strong><\/span><\/p>\n<p>&nbsp;<\/p>\n<p>&nbsp;<\/p>\n","protected":false},"excerpt":{"rendered":"<p>Receita Federal registra maior arrecada\u00e7\u00e3o para mar\u00e7o desde 1995; no [&hellip;]<\/p>\n","protected":false},"author":6,"featured_media":0,"comment_status":"closed","ping_status":"open","sticky":false,"template":"","format":"standard","meta":{"jetpack_post_was_ever_published":false,"_jetpack_newsletter_access":"","_jetpack_dont_email_post_to_subs":false,"_jetpack_newsletter_tier_id":0,"_jetpack_memberships_contains_paywalled_content":false,"footnotes":"","_jetpack_memberships_contains_paid_content":false,"jetpack_publicize_message":"","jetpack_publicize_feature_enabled":true,"jetpack_social_post_already_shared":true,"jetpack_social_options":{"image_generator_settings":{"template":"highway","enabled":false}}},"categories":[2],"tags":[],"jetpack_publicize_connections":[],"jetpack_featured_media_url":"","jetpack_sharing_enabled":true,"jetpack_shortlink":"https:\/\/wp.me\/paFpWR-gfv","_links":{"self":[{"href":"http:\/\/bonettiassociados.com.br\/index.php\/wp-json\/wp\/v2\/posts\/62465"}],"collection":[{"href":"http:\/\/bonettiassociados.com.br\/index.php\/wp-json\/wp\/v2\/posts"}],"about":[{"href":"http:\/\/bonettiassociados.com.br\/index.php\/wp-json\/wp\/v2\/types\/post"}],"author":[{"embeddable":true,"href":"http:\/\/bonettiassociados.com.br\/index.php\/wp-json\/wp\/v2\/users\/6"}],"replies":[{"embeddable":true,"href":"http:\/\/bonettiassociados.com.br\/index.php\/wp-json\/wp\/v2\/comments?post=62465"}],"version-history":[{"count":1,"href":"http:\/\/bonettiassociados.com.br\/index.php\/wp-json\/wp\/v2\/posts\/62465\/revisions"}],"predecessor-version":[{"id":62466,"href":"http:\/\/bonettiassociados.com.br\/index.php\/wp-json\/wp\/v2\/posts\/62465\/revisions\/62466"}],"wp:attachment":[{"href":"http:\/\/bonettiassociados.com.br\/index.php\/wp-json\/wp\/v2\/media?parent=62465"}],"wp:term":[{"taxonomy":"category","embeddable":true,"href":"http:\/\/bonettiassociados.com.br\/index.php\/wp-json\/wp\/v2\/categories?post=62465"},{"taxonomy":"post_tag","embeddable":true,"href":"http:\/\/bonettiassociados.com.br\/index.php\/wp-json\/wp\/v2\/tags?post=62465"}],"curies":[{"name":"wp","href":"https:\/\/api.w.org\/{rel}","templated":true}]}}