{"id":62458,"date":"2026-04-30T11:05:45","date_gmt":"2026-04-30T14:05:45","guid":{"rendered":"https:\/\/bonettiassociados.com.br\/?p=62458"},"modified":"2026-04-30T11:05:45","modified_gmt":"2026-04-30T14:05:45","slug":"reforma-tributaria-a-fase-de-transicao-que-resenha-o-sistema","status":"publish","type":"post","link":"http:\/\/bonettiassociados.com.br\/index.php\/2026\/04\/30\/reforma-tributaria-a-fase-de-transicao-que-resenha-o-sistema\/","title":{"rendered":"REFORMA TRIBUT\u00c1RIA: A FASE DE TRANSI\u00c7\u00c3O QUE RESENHA O SISTEMA"},"content":{"rendered":"<p style=\"text-align: justify;\"><span style=\"font-family: arial, helvetica, sans-serif;\">A etapa inicial estabelece obriga\u00e7\u00f5es informativas, testes de sistemas e ferramentas digitais para garantir uma migra\u00e7\u00e3o segura at\u00e9 2033.<\/span><\/p>\n<p style=\"text-align: justify;\"><!--more--><\/p>\n<p style=\"text-align: justify;\"><span style=\"font-family: arial, helvetica, sans-serif;\">A Lei Complementar 227\/2026 representa um marco hist\u00f3rico na moderniza\u00e7\u00e3o do sistema tribut\u00e1rio brasileiro. A norma regulamenta a transi\u00e7\u00e3o para um modelo de Imposto sobre Valor Agregado dual, substituindo gradualmente cinco tributos &#8211; ICMS, ISS, PIS, Cofins e IPI &#8211; por dois novos impostos: a Contribui\u00e7\u00e3o sobre Bens e Servi\u00e7os (CBS), de compet\u00eancia federal, e o Imposto sobre Bens e Servi\u00e7os (IBS), de compet\u00eancia estadual e municipal. Essa transforma\u00e7\u00e3o, prevista para ser conclu\u00edda em 2033, tem em 2026 seu primeiro e fundamental cap\u00edtulo: a fase de adapta\u00e7\u00e3o.<\/span><\/p>\n<p style=\"text-align: justify;\"><span style=\"font-family: arial, helvetica, sans-serif;\">O legislador demonstrou sensibilidade ao reconhecer que uma mudan\u00e7a de tamanha magnitude n\u00e3o poderia ser implementada de forma abrupta. Por essa raz\u00e3o, o ano de 2026 foi integralmente dedicado \u00e0 prepara\u00e7\u00e3o dos contribuintes e das administra\u00e7\u00f5es tribut\u00e1rias para o novo modelo. Trata-se de um per\u00edodo educativo, durante o qual n\u00e3o ser\u00e3o aplicadas penalidades aos contribuintes que agirem de boa-f\u00e9 no cumprimento das novas obriga\u00e7\u00f5es. Essa abordagem permite que estados, munic\u00edpios e empresas testem seus sistemas, ajustem procedimentos operacionais e capacitem suas equipes t\u00e9cnicas, sem o receio de autua\u00e7\u00f5es ou san\u00e7\u00f5es fiscais.<\/span><\/p>\n<p style=\"text-align: justify;\"><span style=\"font-family: arial, helvetica, sans-serif;\">Uma das principais inova\u00e7\u00f5es introduzidas para esse per\u00edodo de transi\u00e7\u00e3o \u00e9 a obriga\u00e7\u00e3o de destacar, nas notas fiscais, os valores correspondentes \u00e0 CBS e ao IBS. Desde o primeiro dia 1\u00ba de janeiro de 2026, os contribuintes dos novos tributos devem emitir documentos fiscais que evidenciem essas informa\u00e7\u00f5es. Contudo, \u00e9 fundamental compreender que esse destaque possui natureza meramente informativa. As al\u00edquotas utilizadas s\u00e3o consideradas al\u00edquotas-teste: 0,9% para a CBS e 0,1% para o IBS. N\u00e3o h\u00e1, neste momento, recolhimento efetivo desses valores aos cofres p\u00fablicos.<\/span><\/p>\n<p style=\"text-align: justify;\"><span style=\"font-family: arial, helvetica, sans-serif;\">O objetivo dessa medida \u00e9 duplo. Em primeiro lugar, ela permite a valida\u00e7\u00e3o dos sistemas informatizados das empresas e das administra\u00e7\u00f5es tribut\u00e1rias, identificando eventuais inconsist\u00eancias ou necessidades de ajustes antes da entrada em vigor definitiva dos novos impostos. Em segundo lugar, os dados gerados a partir desses destaques servir\u00e3o de base para a defini\u00e7\u00e3o das al\u00edquotas definitivas, a fim de preservar a carga tribut\u00e1ria global atualmente incidente sobre o consumo de bens e servi\u00e7os.<\/span><\/p>\n<p style=\"text-align: justify;\"><span style=\"font-family: arial, helvetica, sans-serif;\">Para os consumidores finais, a boa not\u00edcia \u00e9 que n\u00e3o haver\u00e1 impacto nos pre\u00e7os durante essa fase inicial. Os valores destacados nas notas fiscais s\u00e3o apenas informativos e n\u00e3o ser\u00e3o acrescidos ao pre\u00e7o das mercadorias ou servi\u00e7os. Ademais, a legisla\u00e7\u00e3o estabeleceu tratamento diferenciado para os pequenos neg\u00f3cios. As empresas optantes pelo Simples Nacional e os microempreendedores individuais ficam dispensados da obriga\u00e7\u00e3o de destacar as al\u00edquotas-teste em seus documentos fiscais durante esse per\u00edodo. No caso espec\u00edfico da Nota Fiscal de Servi\u00e7os eletr\u00f4nica, o destaque ser\u00e1 inicialmente facultativo, permitindo uma adapta\u00e7\u00e3o gradual dos prestadores de servi\u00e7os ao novo modelo.<\/span><\/p>\n<p style=\"text-align: justify;\"><span style=\"font-family: arial, helvetica, sans-serif;\">Um elemento central para o sucesso dessa transi\u00e7\u00e3o \u00e9 o Portal da Reforma Tribut\u00e1ria, desenvolvido pelo Serpro em parceria com a Receita Federal do Brasil. A plataforma, acess\u00edvel por meio do portal Gov.br, concentra diversas funcionalidades essenciais para o cumprimento das novas obriga\u00e7\u00f5es tribut\u00e1rias. Entre os recursos dispon\u00edveis, destacam-se a calculadora de tributos, que permite aos contribuintes simular os valores devidos; a apura\u00e7\u00e3o assistida, que orienta o preenchimento das declara\u00e7\u00f5es; a declara\u00e7\u00e3o pr\u00e9-preenchida, que reduz a carga de trabalho dos departamentos fiscais; e o acompanhamento em tempo real de d\u00e9bitos e cr\u00e9ditos tribut\u00e1rios. O sistema foi submetido a testes rigorosos durante os seis meses anteriores ao lan\u00e7amento, envolvendo aproximadamente quinhentas empresas de diferentes portes e segmentos econ\u00f4micos.<\/span><\/p>\n<p style=\"text-align: justify;\"><span style=\"font-family: arial, helvetica, sans-serif;\">No \u00e2mbito da governan\u00e7a do novo modelo tribut\u00e1rio, a Lei Complementar 227\/2026 instituiu o Comit\u00ea Gestor do IBS, \u00f3rg\u00e3o respons\u00e1vel por coordenar a administra\u00e7\u00e3o compartilhada do imposto entre os estados, o Distrito Federal e os munic\u00edpios. Durante o per\u00edodo de adapta\u00e7\u00e3o, esse comit\u00ea desempenha papel fundamental na articula\u00e7\u00e3o entre as diferentes esferas federativas, definindo diretrizes comuns para a aplica\u00e7\u00e3o do IBS e estabelecendo procedimentos harmonizados de fiscaliza\u00e7\u00e3o e cobran\u00e7a. A norma tamb\u00e9m veda expressamente a segrega\u00e7\u00e3o da fiscaliza\u00e7\u00e3o por atividade econ\u00f4mica ou porte do contribuinte, assegurando tratamento ison\u00f4mico a todos os sujeitos passivos.<\/span><\/p>\n<p style=\"text-align: justify;\"><span style=\"font-family: arial, helvetica, sans-serif;\">Outro aspecto relevante da fase de transi\u00e7\u00e3o diz respeito ao tratamento dos cr\u00e9ditos tribut\u00e1rios acumulados no regime anterior. A legisla\u00e7\u00e3o prev\u00ea regras espec\u00edficas para compensa\u00e7\u00e3o e ressarcimento de cr\u00e9ditos de ICMS acumulados durante o per\u00edodo de transi\u00e7\u00e3o, incluindo mecanismos para utiliza\u00e7\u00e3o dos saldos de ICMS-ST existentes at\u00e9 31 de dezembro de 2032. Essa preocupa\u00e7\u00e3o demonstra o cuidado do legislador em evitar preju\u00edzos aos contribuintes que possuem valores a recuperar no sistema atual.<\/span><\/p>\n<p style=\"text-align: justify;\"><span style=\"font-family: arial, helvetica, sans-serif;\">O cronograma estabelecido pela reforma prev\u00ea uma implementa\u00e7\u00e3o gradual entre 2026 e 2032, com a extin\u00e7\u00e3o definitiva dos tributos antigos e a vig\u00eancia plena do novo modelo apenas em 2033. Essa transi\u00e7\u00e3o alongada permite que todos os agentes econ\u00f4micos se adaptem \u00e0s mudan\u00e7as de forma progressiva, minimizando impactos negativos sobre a atividade empresarial e sobre a arrecada\u00e7\u00e3o dos entes federativos.<\/span><\/p>\n<p style=\"text-align: justify;\"><span style=\"font-family: arial, helvetica, sans-serif;\">Em s\u00edntese, a fase de transi\u00e7\u00e3o implementada pela Lei Complementar 227\/2026 representa uma estrat\u00e9gia prudente e bem planejada para a maior reforma tribut\u00e1ria da hist\u00f3ria brasileira. Ao estabelecer um per\u00edodo de adapta\u00e7\u00e3o sem penalidades, com obriga\u00e7\u00f5es meramente informativas e ferramentas tecnol\u00f3gicas adequadas, o legislador criou as condi\u00e7\u00f5es necess\u00e1rias para que empresas e administra\u00e7\u00f5es tribut\u00e1rias possam se preparar adequadamente para o novo modelo, assegurando uma transi\u00e7\u00e3o segura e bem-sucedida para todos os envolvidos.<\/span><\/p>\n<p style=\"text-align: justify;\"><span style=\"font-family: arial, helvetica, sans-serif;\"><strong>_________________________________________________________<\/strong><\/span><\/p>\n<p style=\"text-align: justify;\"><span style=\"font-family: arial, helvetica, sans-serif; font-size: 10pt;\">Fontes<\/span><\/p>\n<p style=\"text-align: justify;\"><span style=\"font-family: arial, helvetica, sans-serif; font-size: 10pt;\">\u00b9 Portal da Reforma Tribut\u00e1ria &#8211; Governo Federal: https:\/\/www.gov.br\/reformatributaria<\/span><\/p>\n<p style=\"text-align: justify;\"><span style=\"font-family: arial, helvetica, sans-serif; font-size: 10pt;\">\u00b2 Receita Federal do Brasil &#8211; Perguntas e Respostas sobre a CBS e o IBS: https:\/\/www.gov.br\/receitafederal\/pt-br\/assuntos\/reforma-tributaria<\/span><\/p>\n<p style=\"text-align: justify;\"><span style=\"font-family: arial, helvetica, sans-serif; font-size: 10pt;\">Os artigos publicados pelo JOTA n\u00e3o refletem necessariamente a opini\u00e3o do site. Os textos buscam estimular o debate sobre temas importantes para o pa\u00eds, sempre prestigiando a pluralidade de ideias.<\/span><\/p>\n<p style=\"text-align: justify;\"><span style=\"font-family: arial, helvetica, sans-serif;\"><strong>FONTE: JOTA &#8211; POR ALESSANDRA GOMENSORO E JO\u00c3O MARCOS COLUSSI<\/strong><\/span><\/p>\n<p><strong><u>\u00a0<\/u><\/strong><\/p>\n<p><strong>\u00a0<\/strong><\/p>\n","protected":false},"excerpt":{"rendered":"<p>A etapa inicial estabelece obriga\u00e7\u00f5es informativas, testes de sistemas e [&hellip;]<\/p>\n","protected":false},"author":6,"featured_media":0,"comment_status":"closed","ping_status":"open","sticky":false,"template":"","format":"standard","meta":{"jetpack_post_was_ever_published":false,"_jetpack_newsletter_access":"","_jetpack_dont_email_post_to_subs":false,"_jetpack_newsletter_tier_id":0,"_jetpack_memberships_contains_paywalled_content":false,"footnotes":"","_jetpack_memberships_contains_paid_content":false,"jetpack_publicize_message":"","jetpack_publicize_feature_enabled":true,"jetpack_social_post_already_shared":true,"jetpack_social_options":{"image_generator_settings":{"template":"highway","enabled":false}}},"categories":[9],"tags":[],"jetpack_publicize_connections":[],"jetpack_featured_media_url":"","jetpack_sharing_enabled":true,"jetpack_shortlink":"https:\/\/wp.me\/paFpWR-gfo","_links":{"self":[{"href":"http:\/\/bonettiassociados.com.br\/index.php\/wp-json\/wp\/v2\/posts\/62458"}],"collection":[{"href":"http:\/\/bonettiassociados.com.br\/index.php\/wp-json\/wp\/v2\/posts"}],"about":[{"href":"http:\/\/bonettiassociados.com.br\/index.php\/wp-json\/wp\/v2\/types\/post"}],"author":[{"embeddable":true,"href":"http:\/\/bonettiassociados.com.br\/index.php\/wp-json\/wp\/v2\/users\/6"}],"replies":[{"embeddable":true,"href":"http:\/\/bonettiassociados.com.br\/index.php\/wp-json\/wp\/v2\/comments?post=62458"}],"version-history":[{"count":1,"href":"http:\/\/bonettiassociados.com.br\/index.php\/wp-json\/wp\/v2\/posts\/62458\/revisions"}],"predecessor-version":[{"id":62459,"href":"http:\/\/bonettiassociados.com.br\/index.php\/wp-json\/wp\/v2\/posts\/62458\/revisions\/62459"}],"wp:attachment":[{"href":"http:\/\/bonettiassociados.com.br\/index.php\/wp-json\/wp\/v2\/media?parent=62458"}],"wp:term":[{"taxonomy":"category","embeddable":true,"href":"http:\/\/bonettiassociados.com.br\/index.php\/wp-json\/wp\/v2\/categories?post=62458"},{"taxonomy":"post_tag","embeddable":true,"href":"http:\/\/bonettiassociados.com.br\/index.php\/wp-json\/wp\/v2\/tags?post=62458"}],"curies":[{"name":"wp","href":"https:\/\/api.w.org\/{rel}","templated":true}]}}