{"id":62453,"date":"2026-04-30T11:01:05","date_gmt":"2026-04-30T14:01:05","guid":{"rendered":"https:\/\/bonettiassociados.com.br\/?p=62453"},"modified":"2026-04-30T11:01:05","modified_gmt":"2026-04-30T14:01:05","slug":"ministerio-da-fazenda-concede-entrevista-coletiva-sobre-o-regulamento-da-cbs-e-do-ibs-reforma-tributaria","status":"publish","type":"post","link":"http:\/\/bonettiassociados.com.br\/index.php\/2026\/04\/30\/ministerio-da-fazenda-concede-entrevista-coletiva-sobre-o-regulamento-da-cbs-e-do-ibs-reforma-tributaria\/","title":{"rendered":"MINIST\u00c9RIO DA FAZENDA CONCEDE ENTREVISTA COLETIVA SOBRE O REGULAMENTO DA CBS E DO IBS \u2013 REFORMA TRIBUT\u00c1RIA"},"content":{"rendered":"<p style=\"text-align: justify;\"><span style=\"font-family: arial, helvetica, sans-serif;\">Coletiva ser\u00e1 na sede do MF, nesta quinta-feira, 30\/4, \u00e0s 10h.<\/span><\/p>\n<p style=\"text-align: justify;\"><!--more--><\/p>\n<p style=\"text-align: justify;\"><span style=\"font-family: arial, helvetica, sans-serif;\">Participam da primeira mesa da entrevista o ministro da Fazenda, Dario Durigan; o secret\u00e1rio-executivo do MF, Rog\u00e9rio Ceron; o secret\u00e1rio da Receita Federal, Robinson Barreirinhas; a procuradora-geral da Fazenda Nacional, Anelize de Almeida; o assessor da Secretaria Executiva do MF, Jo\u00e3o Pedro Nobre; o presidente do Comit\u00ea Gestor do Imposto sobre Bens e Servi\u00e7os (CGIBS), Fl\u00e1vio C\u00e9sar Mendes de Oliveira; e o primeiro vice-presidente do CGIBS, Luis Felipe Vidal Arellano.<\/span><br \/>\n<span style=\"font-family: arial, helvetica, sans-serif;\">Na segunda mesa da coletiva estar\u00e3o o secret\u00e1rio Robinson Barreirinhas; o assessor Jo\u00e3o Pedro Nobre; os gerentes de programa da Receita Federal, Roni Peterson e Fernando Mombelli; o primeiro vice-presidente do CGIBS, Luis Felipe Vidal Arellano, e os coordenadores da CT-RIBS Ulysses Freitas Pessanha Ar\u00eaas e Ricardo Luiz Oliveira de Souza.<\/span><\/p>\n<p style=\"text-align: justify;\"><span style=\"font-family: arial, helvetica, sans-serif;\"><strong>Coletiva de imprensa &#8211; Regulamento da Reforma Tribut\u00e1ria<\/strong><\/span><\/p>\n<p style=\"text-align: justify;\"><span style=\"font-family: arial, helvetica, sans-serif;\">Quando:\u00a0Quinta-feira, 30\/4, \u00e0s 10h<\/span><\/p>\n<p style=\"text-align: justify;\"><span style=\"font-family: arial, helvetica, sans-serif;\">Local:\u00a0Minist\u00e9rio da Fazenda \u2013 Esplanada dos Minist\u00e9rios, bloco P, audit\u00f3rio, t\u00e9rreo<\/span><\/p>\n<p style=\"text-align: justify;\"><span style=\"font-family: arial, helvetica, sans-serif;\">Transmiss\u00e3o:\u00a0<a href=\"https:\/\/youtu.be\/yEh1rrsUwGY\">Canal Youtube do Minist\u00e9rio da Fazenda<\/a>\u00a0<\/span><\/p>\n<p style=\"text-align: justify;\"><span style=\"font-family: arial, helvetica, sans-serif;\">Categoria<\/span><\/p>\n<p style=\"text-align: justify;\"><span style=\"font-family: arial, helvetica, sans-serif;\">Finan\u00e7as, Impostos e Gest\u00e3o P\u00fablica<\/span><\/p>\n<p style=\"text-align: justify;\"><span style=\"font-family: arial, helvetica, sans-serif;\"><strong>FONTE: MINIST\u00c9RIO DA FAZENDA<\/strong><\/span><\/p>\n<p><strong>\u00a0<\/strong><\/p>\n","protected":false},"excerpt":{"rendered":"<p>Coletiva ser\u00e1 na sede do MF, nesta quinta-feira, 30\/4, \u00e0s [&hellip;]<\/p>\n","protected":false},"author":6,"featured_media":0,"comment_status":"closed","ping_status":"open","sticky":false,"template":"","format":"standard","meta":{"jetpack_post_was_ever_published":false,"_jetpack_newsletter_access":"","_jetpack_dont_email_post_to_subs":false,"_jetpack_newsletter_tier_id":0,"_jetpack_memberships_contains_paywalled_content":false,"footnotes":"","_jetpack_memberships_contains_paid_content":false,"jetpack_publicize_message":"","jetpack_publicize_feature_enabled":true,"jetpack_social_post_already_shared":true,"jetpack_social_options":{"image_generator_settings":{"template":"highway","enabled":false}}},"categories":[9],"tags":[],"jetpack_publicize_connections":[],"jetpack_featured_media_url":"","jetpack_sharing_enabled":true,"jetpack_shortlink":"https:\/\/wp.me\/paFpWR-gfj","_links":{"self":[{"href":"http:\/\/bonettiassociados.com.br\/index.php\/wp-json\/wp\/v2\/posts\/62453"}],"collection":[{"href":"http:\/\/bonettiassociados.com.br\/index.php\/wp-json\/wp\/v2\/posts"}],"about":[{"href":"http:\/\/bonettiassociados.com.br\/index.php\/wp-json\/wp\/v2\/types\/post"}],"author":[{"embeddable":true,"href":"http:\/\/bonettiassociados.com.br\/index.php\/wp-json\/wp\/v2\/users\/6"}],"replies":[{"embeddable":true,"href":"http:\/\/bonettiassociados.com.br\/index.php\/wp-json\/wp\/v2\/comments?post=62453"}],"version-history":[{"count":1,"href":"http:\/\/bonettiassociados.com.br\/index.php\/wp-json\/wp\/v2\/posts\/62453\/revisions"}],"predecessor-version":[{"id":62454,"href":"http:\/\/bonettiassociados.com.br\/index.php\/wp-json\/wp\/v2\/posts\/62453\/revisions\/62454"}],"wp:attachment":[{"href":"http:\/\/bonettiassociados.com.br\/index.php\/wp-json\/wp\/v2\/media?parent=62453"}],"wp:term":[{"taxonomy":"category","embeddable":true,"href":"http:\/\/bonettiassociados.com.br\/index.php\/wp-json\/wp\/v2\/categories?post=62453"},{"taxonomy":"post_tag","embeddable":true,"href":"http:\/\/bonettiassociados.com.br\/index.php\/wp-json\/wp\/v2\/tags?post=62453"}],"curies":[{"name":"wp","href":"https:\/\/api.w.org\/{rel}","templated":true}]}}