{"id":42503,"date":"2024-09-05T10:07:59","date_gmt":"2024-09-05T13:07:59","guid":{"rendered":"https:\/\/bonettiassociados.com.br\/?p=42503"},"modified":"2024-09-05T10:14:35","modified_gmt":"2024-09-05T13:14:35","slug":"comercio-pede-que-empresa-do-simples-no-regime-regular-se-aproprie-de-credito","status":"publish","type":"post","link":"http:\/\/bonettiassociados.com.br\/index.php\/2024\/09\/05\/comercio-pede-que-empresa-do-simples-no-regime-regular-se-aproprie-de-credito\/","title":{"rendered":"COM\u00c9RCIO PEDE QUE EMPRESA DO SIMPLES NO REGIME REGULAR SE APROPRIE DE CR\u00c9DITO"},"content":{"rendered":"<p style=\"text-align: justify;\"><span style=\"font-family: arial, helvetica, sans-serif;\">\u201cN\u00e3o restam d\u00favidas de que as empresas optantes do Simples Nacional ser\u00e3o as mais afetadas no novo modelo tribut\u00e1rio brasileiro\u201d, afirmou Karoline Lima<\/span><\/p>\n<p style=\"text-align: justify;\"><span style=\"font-family: arial, helvetica, sans-serif;\"><!--more--><\/span><\/p>\n<p style=\"text-align: justify;\"><span style=\"font-family: arial, helvetica, sans-serif;\">Confedera\u00e7\u00f5es que representam os setores de com\u00e9rcio e servi\u00e7os defenderam no Senado, na ter\u00e7a-feira (4.set), que sejam feitas mudan\u00e7as no relat\u00f3rio de regulamenta\u00e7\u00e3o da reforma tribut\u00e1ria para beneficiar as empresas do Simples Nacional \u2013regime tribut\u00e1rio que abarca micro e pequenas empresas que faturam at\u00e9 R$ 5 milh\u00f5es por ano.<\/span><\/p>\n<p style=\"text-align: justify;\"><span style=\"font-family: arial, helvetica, sans-serif;\">\u201cN\u00e3o restam d\u00favidas de que as empresas optantes do Simples Nacional ser\u00e3o as mais afetadas no novo modelo tribut\u00e1rio brasileiro\u201d, afirmou a coordenadora de Rela\u00e7\u00f5es Institucionais e Governamentais da CNDL, Karoline Lima, que representou a entidade.<\/span><\/p>\n<p style=\"text-align: justify;\"><span style=\"font-family: arial, helvetica, sans-serif;\">Karoline se referiu ao trecho do texto da Emenda Constitucional 132\/2023, que trata da apropria\u00e7\u00e3o de cr\u00e9dito pelo adquirente. Na nova regra, o cr\u00e9dito tribut\u00e1rio que a microempresa repassar\u00e1 a uma empresa do regime geral ser\u00e1 muito menor do que o das empresas n\u00e3o optantes pelo Simples.<\/span><\/p>\n<p style=\"text-align: justify;\"><span style=\"font-family: arial, helvetica, sans-serif;\">\u201cAtualmente, as empresas de lucro real e lucro presumido t\u00eam direito ao cr\u00e9dito na integralidade do PIS e Cofins (9,25%), impostos que ser\u00e3o substitu\u00eddos pela CBS, o que extinguir\u00e1 a possibilidade desse creditamento, prejudicando a competitividade do Simples Nacional\u201d, explicou Karoline.<\/span><\/p>\n<p style=\"text-align: justify;\"><span style=\"font-family: arial, helvetica, sans-serif;\">Para solucionar o problema, a CNDL sugeriu a Emenda 606 ao PLP 68\/2024, que permite ao contribuinte sujeito ao regime regular a apropria\u00e7\u00e3o de cr\u00e9ditos correspondentes aos valores desse tributo devido na aquisi\u00e7\u00e3o de bens e servi\u00e7os dos optantes pelo Simples Nacional.<\/span><\/p>\n<p style=\"text-align: justify;\"><span style=\"font-family: arial, helvetica, sans-serif;\">O tema foi debatido na audi\u00eancia p\u00fablica da CAE (Comiss\u00e3o de Assuntos Econ\u00f4micos) do Senado Federal.<\/span><\/p>\n<p style=\"text-align: justify;\"><span style=\"font-family: arial, helvetica, sans-serif;\"><strong>Com\u00e9rcio<\/strong><\/span><\/p>\n<p style=\"text-align: justify;\"><span style=\"font-family: arial, helvetica, sans-serif;\">O economista-chefe da CNC (Confedera\u00e7\u00e3o Nacional do Com\u00e9rcio de Bens, Servi\u00e7os e Turismo), Felipe Tavares, apresentou as preocupa\u00e7\u00f5es da CNC em rela\u00e7\u00e3o \u00e0 majora\u00e7\u00e3o das al\u00edquotas do IBS (Imposto sobre Bens e Servi\u00e7os) e da CBS (Contribui\u00e7\u00e3o sobre Bens e Servi\u00e7os).<\/span><\/p>\n<p style=\"text-align: justify;\"><span style=\"font-family: arial, helvetica, sans-serif;\">\u201cA carga tribut\u00e1ria mais elevada ter\u00e1 um impacto severo nos empregadores que possuem grandes folhas de pagamento, resultando potencialmente em desemprego e na informalidade. A CNC tem trabalhado para que a reforma tribut\u00e1ria seja justa e promova\u201d, afirmou.<\/span><\/p>\n<p style=\"text-align: justify;\"><span style=\"font-family: arial, helvetica, sans-serif;\">Tavares ressaltou que, embora a reforma tribut\u00e1ria tenha simplificado o sistema, \u201ca diminui\u00e7\u00e3o de impostos n\u00e3o foi alcan\u00e7ada\u201d, e o Brasil caminha para se tornar o pa\u00eds com a maior al\u00edquota de IVA do mundo.<\/span><\/p>\n<p style=\"text-align: justify;\"><span style=\"font-family: arial, helvetica, sans-serif;\"><img decoding=\"async\" loading=\"lazy\" class=\"alignleft size-full wp-image-42504\" src=\"http:\/\/bonettiassociados.com.br\/wp-content\/uploads\/2024\/09\/Imagem1-1.jpg\" alt=\"\" width=\"886\" height=\"886\" srcset=\"http:\/\/bonettiassociados.com.br\/wp-content\/uploads\/2024\/09\/Imagem1-1.jpg 886w, http:\/\/bonettiassociados.com.br\/wp-content\/uploads\/2024\/09\/Imagem1-1-300x300.jpg 300w, http:\/\/bonettiassociados.com.br\/wp-content\/uploads\/2024\/09\/Imagem1-1-150x150.jpg 150w, http:\/\/bonettiassociados.com.br\/wp-content\/uploads\/2024\/09\/Imagem1-1-768x768.jpg 768w\" sizes=\"(max-width: 886px) 100vw, 886px\" \/><\/span><\/p>\n<p style=\"text-align: justify;\"><span style=\"font-family: arial, helvetica, sans-serif;\">O economista tamb\u00e9m destacou que, com a proposta da reforma, o setor de consumo, em particular o varejo, poder\u00e1 enfrentar um aumento de tributa\u00e7\u00e3o na ordem de 18%. J\u00e1 o setor de servi\u00e7os, que inclui uma gama ampla de atividades, poderia ver aumentos que variam de 80% a 230%. Ele alertou que \u201cisso n\u00e3o quer dizer que \u00e9 s\u00f3 dif\u00edcil para esse empres\u00e1rio fazer neg\u00f3cio, isso quer dizer que toda a cadeia que depende do varejo ou do setor de servi\u00e7os ser\u00e1 muito impactada\u201d<\/span><\/p>\n<p style=\"text-align: justify;\"><span style=\"font-family: arial, helvetica, sans-serif;\">Entre os pontos cr\u00edticos levantados, o economista mencionou a necessidade de maior flexibilidade e previsibilidade na tomada de cr\u00e9dito no sistema do IVA, alertando que \u201cse no texto a gente come\u00e7ar a limitar todas as possibilidades e dificultar ao empres\u00e1rio tomar o cr\u00e9dito na sua opera\u00e7\u00e3o, o nosso IVA n\u00e3o serve de nada\u201d. Tavares tamb\u00e9m sugeriu 4\/4 altera\u00e7\u00f5es em opera\u00e7\u00f5es imobili\u00e1rias, como a redu\u00e7\u00e3o da base de c\u00e1lculo e das al\u00edquotas para evitar um aumento generalizado dos custos de transa\u00e7\u00e3o, o que poderia deteriorar a competitividade do empres\u00e1rio brasileiro.<\/span><\/p>\n<p style=\"text-align: justify;\"><span style=\"font-family: arial, helvetica, sans-serif;\"><strong>Turismo<\/strong><\/span><\/p>\n<p style=\"text-align: justify;\"><span style=\"font-family: arial, helvetica, sans-serif;\">Felipe Tavares ressaltou a import\u00e2ncia de revisar as al\u00edquotas de tributa\u00e7\u00e3o aplicadas ao setor de turismo. Ele enfatizou que bares, restaurantes e hot\u00e9is, que s\u00e3o parte fundamental das atividades tur\u00edsticas, enfrentam uma forte competi\u00e7\u00e3o internacional. \u201cO setor de turismo \u00e9 o mais exposto \u00e0 competi\u00e7\u00e3o internacional e irrestrita, porque o turista, ao decidir entre um pa\u00eds ou outro, n\u00e3o enfrenta barreiras comerciais, tarifas ou acordos bilaterais entre pa\u00edses\u201d, explicou.<\/span><\/p>\n<p style=\"text-align: justify;\"><span style=\"font-family: arial, helvetica, sans-serif;\">O economista alertou que, se os custos com hospedagem, passeios e alimenta\u00e7\u00e3o no Brasil se tornarem elevados demais, o Pa\u00eds corre o risco de perder turistas para outros destinos. E esclareceu que essa perda representaria uma oportunidade desperdi\u00e7ada, considerando o potencial natural do Brasil para o turismo. \u201cO setor de turismo \u00e9 um grande vetor de desenvolvimento socioecon\u00f4mico\u201d, disse, enfatizando que, em muitas regi\u00f5es brasileiras, o turismo \u00e9 a \u00fanica esperan\u00e7a de crescimento econ\u00f4mico, aumento da renda e melhoria do bem-estar das pessoas.<\/span><\/p>\n<p style=\"text-align: justify;\"><span style=\"font-family: arial, helvetica, sans-serif;\">\u201cExistem regi\u00f5es do Pa\u00eds em que a \u00fanica esperan\u00e7a de desenvolvimento, crescimento da renda e bem-estar das pessoas \u00e9 atrav\u00e9s do turismo, \u00e9 atrav\u00e9s de uma pousada, de passeios tur\u00edsticos, de bares e restaurantes\u201d, explicou. O economista concluiu que, para dinamizar essas regi\u00f5es e aproveitar o potencial tur\u00edstico nacional, \u00e9 essencial que o governo considere a redu\u00e7\u00e3o das al\u00edquotas de tributa\u00e7\u00e3o sobre o setor.<\/span><\/p>\n<p style=\"text-align: justify;\"><span style=\"font-family: arial, helvetica, sans-serif;\"><strong>FONTE: PORTAL DA REFORMA TRIBUT\u00c1RIA<\/strong><\/span><\/p>\n<p style=\"text-align: justify;\"><span style=\"font-family: arial, helvetica, sans-serif;\"><strong>\u00a0<\/strong><\/span><\/p>\n","protected":false},"excerpt":{"rendered":"<p>\u201cN\u00e3o restam d\u00favidas de que as empresas optantes do Simples [&hellip;]<\/p>\n","protected":false},"author":6,"featured_media":0,"comment_status":"closed","ping_status":"open","sticky":false,"template":"","format":"standard","meta":{"jetpack_post_was_ever_published":false,"_jetpack_newsletter_access":"","_jetpack_dont_email_post_to_subs":false,"_jetpack_newsletter_tier_id":0,"_jetpack_memberships_contains_paywalled_content":false,"footnotes":"","_jetpack_memberships_contains_paid_content":false,"jetpack_publicize_message":"","jetpack_publicize_feature_enabled":true,"jetpack_social_post_already_shared":true,"jetpack_social_options":{"image_generator_settings":{"template":"highway","enabled":false}}},"categories":[9],"tags":[],"jetpack_publicize_connections":[],"jetpack_featured_media_url":"","jetpack_sharing_enabled":true,"jetpack_shortlink":"https:\/\/wp.me\/paFpWR-b3x","_links":{"self":[{"href":"http:\/\/bonettiassociados.com.br\/index.php\/wp-json\/wp\/v2\/posts\/42503"}],"collection":[{"href":"http:\/\/bonettiassociados.com.br\/index.php\/wp-json\/wp\/v2\/posts"}],"about":[{"href":"http:\/\/bonettiassociados.com.br\/index.php\/wp-json\/wp\/v2\/types\/post"}],"author":[{"embeddable":true,"href":"http:\/\/bonettiassociados.com.br\/index.php\/wp-json\/wp\/v2\/users\/6"}],"replies":[{"embeddable":true,"href":"http:\/\/bonettiassociados.com.br\/index.php\/wp-json\/wp\/v2\/comments?post=42503"}],"version-history":[{"count":1,"href":"http:\/\/bonettiassociados.com.br\/index.php\/wp-json\/wp\/v2\/posts\/42503\/revisions"}],"predecessor-version":[{"id":42505,"href":"http:\/\/bonettiassociados.com.br\/index.php\/wp-json\/wp\/v2\/posts\/42503\/revisions\/42505"}],"wp:attachment":[{"href":"http:\/\/bonettiassociados.com.br\/index.php\/wp-json\/wp\/v2\/media?parent=42503"}],"wp:term":[{"taxonomy":"category","embeddable":true,"href":"http:\/\/bonettiassociados.com.br\/index.php\/wp-json\/wp\/v2\/categories?post=42503"},{"taxonomy":"post_tag","embeddable":true,"href":"http:\/\/bonettiassociados.com.br\/index.php\/wp-json\/wp\/v2\/tags?post=42503"}],"curies":[{"name":"wp","href":"https:\/\/api.w.org\/{rel}","templated":true}]}}