{"id":40534,"date":"2024-07-05T10:50:25","date_gmt":"2024-07-05T13:50:25","guid":{"rendered":"https:\/\/bonettiassociados.com.br\/?p=40534"},"modified":"2024-07-05T10:50:25","modified_gmt":"2024-07-05T13:50:25","slug":"com-urgencia-constitucional-do-governo-senado-tera-45-dias-para-votar-projeto-da-tributaria","status":"publish","type":"post","link":"http:\/\/bonettiassociados.com.br\/index.php\/2024\/07\/05\/com-urgencia-constitucional-do-governo-senado-tera-45-dias-para-votar-projeto-da-tributaria\/","title":{"rendered":"COM URG\u00caNCIA CONSTITUCIONAL DO GOVERNO, SENADO TER\u00c1 45 DIAS PARA VOTAR PROJETO DA TRIBUT\u00c1RIA"},"content":{"rendered":"<p style=\"text-align: justify;\"><span style=\"font-family: arial, helvetica, sans-serif;\">Medida vale automaticamente, sem necessidade de aprova\u00e7\u00e3o de requerimento no plen\u00e1rio<\/span><\/p>\n<p style=\"text-align: justify;\"><!--more--><\/p>\n<p style=\"text-align: justify;\"><span style=\"font-family: arial, helvetica, sans-serif;\">A urg\u00eancia constitucional pedida pelo governo Lula \u00e0 C\u00e2mara para a tramita\u00e7\u00e3o do projeto de regulamenta\u00e7\u00e3o da reforma tribut\u00e1ria vale tamb\u00e9m para o Senado. Com isso, os senadores ter\u00e3o 45 dias para votar o texto ap\u00f3s a aprova\u00e7\u00e3o pelos deputados. Depois desse prazo, a proposta passar\u00e1 a trancar a pauta, a n\u00e3o ser que o governo acabe retirando a urg\u00eancia constitucional, que \u00e9 uma prerrogativa do presidente da Rep\u00fablica.<\/span><\/p>\n<p style=\"text-align: justify;\"><span style=\"font-family: arial, helvetica, sans-serif;\">A medida vale automaticamente, sem necessidade de aprova\u00e7\u00e3o de requerimento no plen\u00e1rio. A tramita\u00e7\u00e3o, nesse caso, \u00e9 acelerada, sem que o texto passe antes por comiss\u00f5es.<\/span><\/p>\n<p style=\"text-align: justify;\"><span style=\"font-family: arial, helvetica, sans-serif;\">O governo pediu a urg\u00eancia para o primeiro projeto de lei complementar da regulamenta\u00e7\u00e3o, que trata da lei geral da Contribui\u00e7\u00e3o sobre Bens e Servi\u00e7os (CBS), do Imposto sobre Bens e Servi\u00e7os (IBS) e do Imposto Seletivo, al\u00e9m de temas como cesta b\u00e1sica e cashback.<\/span><\/p>\n<p style=\"text-align: justify;\"><span style=\"font-family: arial, helvetica, sans-serif;\">H\u00e1 ainda um segundo projeto, que trata do Comit\u00ea Gestor e da distribui\u00e7\u00e3o da receita do IBS para Estados e munic\u00edpios. Essa proposta ainda n\u00e3o teve o relat\u00f3rio apresentado.<\/span><\/p>\n<p style=\"text-align: justify;\"><span style=\"font-family: arial, helvetica, sans-serif;\"><strong>FONTE: CORREIO DO POVO<\/strong><\/span><\/p>\n<p><strong>\u00a0<\/strong><\/p>\n<p><strong>\u00a0<\/strong><\/p>\n","protected":false},"excerpt":{"rendered":"<p>Medida vale automaticamente, sem necessidade de aprova\u00e7\u00e3o de requerimento no [&hellip;]<\/p>\n","protected":false},"author":6,"featured_media":0,"comment_status":"closed","ping_status":"open","sticky":false,"template":"","format":"standard","meta":{"jetpack_post_was_ever_published":false,"_jetpack_newsletter_access":"","_jetpack_dont_email_post_to_subs":false,"_jetpack_newsletter_tier_id":0,"_jetpack_memberships_contains_paywalled_content":false,"footnotes":"","_jetpack_memberships_contains_paid_content":false,"jetpack_publicize_message":"","jetpack_publicize_feature_enabled":true,"jetpack_social_post_already_shared":true,"jetpack_social_options":{"image_generator_settings":{"template":"highway","enabled":false}}},"categories":[9],"tags":[],"jetpack_publicize_connections":[],"jetpack_featured_media_url":"","jetpack_sharing_enabled":true,"jetpack_shortlink":"https:\/\/wp.me\/paFpWR-axM","_links":{"self":[{"href":"http:\/\/bonettiassociados.com.br\/index.php\/wp-json\/wp\/v2\/posts\/40534"}],"collection":[{"href":"http:\/\/bonettiassociados.com.br\/index.php\/wp-json\/wp\/v2\/posts"}],"about":[{"href":"http:\/\/bonettiassociados.com.br\/index.php\/wp-json\/wp\/v2\/types\/post"}],"author":[{"embeddable":true,"href":"http:\/\/bonettiassociados.com.br\/index.php\/wp-json\/wp\/v2\/users\/6"}],"replies":[{"embeddable":true,"href":"http:\/\/bonettiassociados.com.br\/index.php\/wp-json\/wp\/v2\/comments?post=40534"}],"version-history":[{"count":1,"href":"http:\/\/bonettiassociados.com.br\/index.php\/wp-json\/wp\/v2\/posts\/40534\/revisions"}],"predecessor-version":[{"id":40535,"href":"http:\/\/bonettiassociados.com.br\/index.php\/wp-json\/wp\/v2\/posts\/40534\/revisions\/40535"}],"wp:attachment":[{"href":"http:\/\/bonettiassociados.com.br\/index.php\/wp-json\/wp\/v2\/media?parent=40534"}],"wp:term":[{"taxonomy":"category","embeddable":true,"href":"http:\/\/bonettiassociados.com.br\/index.php\/wp-json\/wp\/v2\/categories?post=40534"},{"taxonomy":"post_tag","embeddable":true,"href":"http:\/\/bonettiassociados.com.br\/index.php\/wp-json\/wp\/v2\/tags?post=40534"}],"curies":[{"name":"wp","href":"https:\/\/api.w.org\/{rel}","templated":true}]}}