{"id":38123,"date":"2024-04-25T09:52:50","date_gmt":"2024-04-25T12:52:50","guid":{"rendered":"https:\/\/bonettiassociados.com.br\/?p=38123"},"modified":"2024-04-25T09:52:50","modified_gmt":"2024-04-25T12:52:50","slug":"reforma-define-27-servicos-de-saude-que-terao-aliquotas-de-ibs-e-cbs-reduzidas-em60-veja-lista","status":"publish","type":"post","link":"http:\/\/bonettiassociados.com.br\/index.php\/2024\/04\/25\/reforma-define-27-servicos-de-saude-que-terao-aliquotas-de-ibs-e-cbs-reduzidas-em60-veja-lista\/","title":{"rendered":"REFORMA DEFINE 27 SERVI\u00c7OS DE SA\u00daDE QUE TER\u00c3O AL\u00cdQUOTAS DE IBS E CBS REDUZIDAS EM60%; VEJA LISTA"},"content":{"rendered":"<p style=\"text-align: justify;\"><span style=\"font-family: arial, helvetica, sans-serif;\">O texto da regulamenta\u00e7\u00e3o da reforma tribut\u00e1ria enviado pelo governo ao Congresso Nacional definiu que 27 servi\u00e7os de sa\u00fade ter\u00e3o redu\u00e7\u00e3o de 60% nas al\u00edquotas do Imposto sobre Bens e Servi\u00e7os (IBS), a Contribui\u00e7\u00e3o Social sobre Bens e Servi\u00e7os (CBS).<\/span><\/p>\n<p style=\"text-align: justify;\"><!--more--><\/p>\n<p style=\"text-align: justify;\"><span style=\"font-family: arial, helvetica, sans-serif;\">Veja a lista abaixo:<\/span><\/p>\n<ol style=\"text-align: justify;\">\n<li><span style=\"font-family: arial, helvetica, sans-serif;\">Servi\u00e7os cir\u00fargicos; \u00b7<\/span><\/li>\n<li><span style=\"font-family: arial, helvetica, sans-serif;\">Servi\u00e7os ginecol\u00f3gicos e obst\u00e9tricos; \u00b7<\/span><\/li>\n<li><span style=\"font-family: arial, helvetica, sans-serif;\">Servi\u00e7os psiqui\u00e1tricos; \u00b7<\/span><\/li>\n<li><span style=\"font-family: arial, helvetica, sans-serif;\">Servi\u00e7os prestados em Unidades de Terapia Intensiva; \u00b7<\/span><\/li>\n<li><span style=\"font-family: arial, helvetica, sans-serif;\">Servi\u00e7os de atendimento de urg\u00eancia; \u00b7<\/span><\/li>\n<li><span style=\"font-family: arial, helvetica, sans-serif;\">Servi\u00e7os hospitalares n\u00e3o classificados em subposi\u00e7\u00f5es anteriores; \u00b7<\/span><\/li>\n<li><span style=\"font-family: arial, helvetica, sans-serif;\">Servi\u00e7os de cl\u00ednica m\u00e9dica; \u00b7<\/span><\/li>\n<li><span style=\"font-family: arial, helvetica, sans-serif;\">Servi\u00e7os m\u00e9dicos especializados; \u00b7<\/span><\/li>\n<li><span style=\"font-family: arial, helvetica, sans-serif;\">Servi\u00e7os odontol\u00f3gicos; \u00b7<\/span><\/li>\n<li><span style=\"font-family: arial, helvetica, sans-serif;\">Servi\u00e7os de enfermagem; \u00b7<\/span><\/li>\n<li><span style=\"font-family: arial, helvetica, sans-serif;\">Servi\u00e7os de fisioterapia; \u00b7<\/span><\/li>\n<li><span style=\"font-family: arial, helvetica, sans-serif;\">Servi\u00e7os laboratoriais; \u00b7<\/span><\/li>\n<li><span style=\"font-family: arial, helvetica, sans-serif;\">Servi\u00e7os de diagn\u00f3stico por imagem; \u00b7<\/span><\/li>\n<li><span style=\"font-family: arial, helvetica, sans-serif;\">Servi\u00e7os de bancos de material biol\u00f3gico humano; \u00b7<\/span><\/li>\n<li><span style=\"font-family: arial, helvetica, sans-serif;\">Servi\u00e7os de ambul\u00e2ncia; \u00b7<\/span><\/li>\n<li><span style=\"font-family: arial, helvetica, sans-serif;\">Servi\u00e7os de assist\u00eancia ao parto e p\u00f3s-parto;<\/span><\/li>\n<li><span style=\"font-family: arial, helvetica, sans-serif;\">Servi\u00e7os de psicologia;<\/span><\/li>\n<li><span style=\"font-family: arial, helvetica, sans-serif;\">Servi\u00e7os de vigil\u00e2ncia sanit\u00e1ria; \u00b7<\/span><\/li>\n<li><span style=\"font-family: arial, helvetica, sans-serif;\">Servi\u00e7os de epidemiologia; \u00b7<\/span><\/li>\n<li><span style=\"font-family: arial, helvetica, sans-serif;\">Servi\u00e7os de vacina\u00e7\u00e3o; \u00b7<\/span><\/li>\n<li><span style=\"font-family: arial, helvetica, sans-serif;\">Servi\u00e7os de fonoaudiologia; \u00b7<\/span><\/li>\n<li><span style=\"font-family: arial, helvetica, sans-serif;\">Servi\u00e7os de nutri\u00e7\u00e3o; \u00b7<\/span><\/li>\n<li><span style=\"font-family: arial, helvetica, sans-serif;\">Servi\u00e7os de optometria; \u00b7<\/span><\/li>\n<li><span style=\"font-family: arial, helvetica, sans-serif;\">Servi\u00e7os de instrumenta\u00e7\u00e3o cir\u00fargica; \u00b7<\/span><\/li>\n<li><span style=\"font-family: arial, helvetica, sans-serif;\">Servi\u00e7os de biomedicina; \u00b7<\/span><\/li>\n<li><span style=\"font-family: arial, helvetica, sans-serif;\">Servi\u00e7os farmac\u00eauticos; \u00b7<\/span><\/li>\n<li><span style=\"font-family: arial, helvetica, sans-serif;\">Servi\u00e7os de cuidado e assist\u00eancia a idosos e pessoas com defici\u00eancia em unidades de <\/span>acolhimento<\/li>\n<\/ol>\n<p style=\"text-align: justify;\"><span style=\"font-family: arial, helvetica, sans-serif;\"><strong>FONTE: VALOR ECON\u00d4MICO &#8211; POR GUILHERME PIMENTA, J\u00c9SSICA SANT&#8217;ANA, ESTEV\u00c3O TAIAR E RAPHAEL DI CUNTO, VALOR \u2014 BRAS\u00cdLIA<\/strong><\/span><\/p>\n<p>&nbsp;<\/p>\n<p>&nbsp;<\/p>\n","protected":false},"excerpt":{"rendered":"<p>O texto da regulamenta\u00e7\u00e3o da reforma tribut\u00e1ria enviado pelo governo [&hellip;]<\/p>\n","protected":false},"author":6,"featured_media":0,"comment_status":"closed","ping_status":"open","sticky":false,"template":"","format":"standard","meta":{"jetpack_post_was_ever_published":false,"_jetpack_newsletter_access":"","_jetpack_dont_email_post_to_subs":false,"_jetpack_newsletter_tier_id":0,"_jetpack_memberships_contains_paywalled_content":false,"footnotes":"","_jetpack_memberships_contains_paid_content":false,"jetpack_publicize_message":"","jetpack_publicize_feature_enabled":true,"jetpack_social_post_already_shared":true,"jetpack_social_options":{"image_generator_settings":{"template":"highway","enabled":false}}},"categories":[8],"tags":[],"jetpack_publicize_connections":[],"jetpack_featured_media_url":"","jetpack_sharing_enabled":true,"jetpack_shortlink":"https:\/\/wp.me\/paFpWR-9UT","_links":{"self":[{"href":"http:\/\/bonettiassociados.com.br\/index.php\/wp-json\/wp\/v2\/posts\/38123"}],"collection":[{"href":"http:\/\/bonettiassociados.com.br\/index.php\/wp-json\/wp\/v2\/posts"}],"about":[{"href":"http:\/\/bonettiassociados.com.br\/index.php\/wp-json\/wp\/v2\/types\/post"}],"author":[{"embeddable":true,"href":"http:\/\/bonettiassociados.com.br\/index.php\/wp-json\/wp\/v2\/users\/6"}],"replies":[{"embeddable":true,"href":"http:\/\/bonettiassociados.com.br\/index.php\/wp-json\/wp\/v2\/comments?post=38123"}],"version-history":[{"count":1,"href":"http:\/\/bonettiassociados.com.br\/index.php\/wp-json\/wp\/v2\/posts\/38123\/revisions"}],"predecessor-version":[{"id":38124,"href":"http:\/\/bonettiassociados.com.br\/index.php\/wp-json\/wp\/v2\/posts\/38123\/revisions\/38124"}],"wp:attachment":[{"href":"http:\/\/bonettiassociados.com.br\/index.php\/wp-json\/wp\/v2\/media?parent=38123"}],"wp:term":[{"taxonomy":"category","embeddable":true,"href":"http:\/\/bonettiassociados.com.br\/index.php\/wp-json\/wp\/v2\/categories?post=38123"},{"taxonomy":"post_tag","embeddable":true,"href":"http:\/\/bonettiassociados.com.br\/index.php\/wp-json\/wp\/v2\/tags?post=38123"}],"curies":[{"name":"wp","href":"https:\/\/api.w.org\/{rel}","templated":true}]}}