{"id":38121,"date":"2024-04-25T09:52:09","date_gmt":"2024-04-25T12:52:09","guid":{"rendered":"https:\/\/bonettiassociados.com.br\/?p=38121"},"modified":"2024-04-25T09:52:09","modified_gmt":"2024-04-25T12:52:09","slug":"reforma-preve-isencao-do-iva-para-transporte-publico-rodoviario-e-metroviario-urbano-semi-urbano-e-metropolitano","status":"publish","type":"post","link":"http:\/\/bonettiassociados.com.br\/index.php\/2024\/04\/25\/reforma-preve-isencao-do-iva-para-transporte-publico-rodoviario-e-metroviario-urbano-semi-urbano-e-metropolitano\/","title":{"rendered":"REFORMA PREV\u00ca ISEN\u00c7\u00c3O DO IVA PARA TRANSPORTE P\u00daBLICO RODOVI\u00c1RIO E METROVI\u00c1RIO URBANO, SEMI URBANO E METROPOLITANO"},"content":{"rendered":"<p style=\"text-align: justify;\"><span style=\"font-family: arial, helvetica, sans-serif;\">A informa\u00e7\u00e3o faz parte do texto do projeto de lei complementar que regulamenta a reforma e ao qual o &#8220;Valor&#8221; teve acesso.<\/span><\/p>\n<p style=\"text-align: justify;\"><!--more--><\/p>\n<p style=\"text-align: justify;\"><span style=\"font-family: arial, helvetica, sans-serif;\">A reforma tribut\u00e1ria sobre consumo prev\u00ea \u201ca isen\u00e7\u00e3o\u201d do Imposto sobre Valor Agregado (IVA) \u201cpara o transporte p\u00fablico coletivo de passageiros rodovi\u00e1rio e metrovi\u00e1rio de car\u00e1ter urbano, semiurbano e metropolitano\u201d.<\/span><\/p>\n<p style=\"text-align: justify;\"><span style=\"font-family: arial, helvetica, sans-serif;\">A informa\u00e7\u00e3o faz parte do projeto de lei complementar que regulamenta a reforma. O texto foi enviado nesta quarta-feira (24) pelo governo federal ao Congresso Nacional. O Valor teve acesso ao conte\u00fado do material, que ainda n\u00e3o foi divulgado oficialmente.<\/span><\/p>\n<p style=\"text-align: justify;\"><span style=\"font-family: arial, helvetica, sans-serif;\">A reforma sobre consumo tamb\u00e9m prev\u00ea \u201ctr\u00eas tratamentos diferentes\u201d para \u201cservi\u00e7os de\u00a0<\/span><span style=\"font-family: arial, helvetica, sans-serif;\">transporte coletivo de passageiros rodovi\u00e1rio intermunicipal e interestadual, ferrovi\u00e1rio,\u00a0<\/span><span style=\"font-family: arial, helvetica, sans-serif;\">hidrovi\u00e1rio e a\u00e9reo regional\u201d.<\/span><\/p>\n<p style=\"text-align: justify;\"><span style=\"font-family: arial, helvetica, sans-serif;\">No caso dos modais hidrovi\u00e1rio e ferrovi\u00e1rio de car\u00e1ter urbano, semiurbano e metropolitano, o regime \u00e9 cumulativo, com redu\u00e7\u00e3o das al\u00edquotas do Imposto sobre Bens e Servi\u00e7os (IBS) e da Contribui\u00e7\u00e3o sobre Bens e Servi\u00e7os (CBS) em 99%.<\/span><\/p>\n<p style=\"text-align: justify;\"><span style=\"font-family: arial, helvetica, sans-serif;\">\u201cJ\u00e1 para os servi\u00e7os de transporte coletivo de passageiros rodovi\u00e1rio, ferrovi\u00e1rio e hidrovi\u00e1rio intermunicipais e interestaduais, prop\u00f5e-se a redu\u00e7\u00e3o das al\u00edquotas do IBS e da CBS mediante a defini\u00e7\u00e3o de percentual das al\u00edquotas dos entes federativos, de forma a manter a carga tribut\u00e1ria, permitida a apropria\u00e7\u00e3o e utiliza\u00e7\u00e3o de cr\u00e9ditos pelos prestadores desses servi\u00e7os e vedada a transfer\u00eancia dos cr\u00e9ditos aos adquirentes\u201d, diz o texto.<\/span><\/p>\n<p style=\"text-align: justify;\"><span style=\"font-family: arial, helvetica, sans-serif;\">Por fim, no caso da avia\u00e7\u00e3o regional, o projeto prev\u00ea a redu\u00e7\u00e3o das al\u00edquotas do IBS e da CBS em 40% \u201ce a apropria\u00e7\u00e3o e utiliza\u00e7\u00e3o dos cr\u00e9ditos pelos prestadores dos servi\u00e7os de transporte em quest\u00e3o, na mesma propor\u00e7\u00e3o que a al\u00edquota representa das al\u00edquotas padr\u00e3o, assim como a apropria\u00e7\u00e3o de cr\u00e9ditos pelos adquirentes desses servi\u00e7os\u201d.<\/span><\/p>\n<p style=\"text-align: justify;\"><span style=\"font-family: arial, helvetica, sans-serif;\"><strong>FONTE: VALOR ECON\u00d4MICO &#8211; POR ESTEV\u00c3O TAIAR, GUILHERME PIMENTA, BEATRIZ OLIVON E GABRIEL SHINOHARA, VALOR \u2014 BRAS\u00cdLIA<\/strong><\/span><\/p>\n<p>&nbsp;<\/p>\n<p>&nbsp;<\/p>\n<p>&nbsp;<\/p>\n<p>&nbsp;<\/p>\n<p>&nbsp;<\/p>\n<p>&nbsp;<\/p>\n","protected":false},"excerpt":{"rendered":"<p>A informa\u00e7\u00e3o faz parte do texto do projeto de lei [&hellip;]<\/p>\n","protected":false},"author":6,"featured_media":0,"comment_status":"closed","ping_status":"open","sticky":false,"template":"","format":"standard","meta":{"jetpack_post_was_ever_published":false,"_jetpack_newsletter_access":"","_jetpack_dont_email_post_to_subs":false,"_jetpack_newsletter_tier_id":0,"_jetpack_memberships_contains_paywalled_content":false,"footnotes":"","_jetpack_memberships_contains_paid_content":false,"jetpack_publicize_message":"","jetpack_publicize_feature_enabled":true,"jetpack_social_post_already_shared":true,"jetpack_social_options":{"image_generator_settings":{"template":"highway","enabled":false}}},"categories":[8],"tags":[],"jetpack_publicize_connections":[],"jetpack_featured_media_url":"","jetpack_sharing_enabled":true,"jetpack_shortlink":"https:\/\/wp.me\/paFpWR-9UR","_links":{"self":[{"href":"http:\/\/bonettiassociados.com.br\/index.php\/wp-json\/wp\/v2\/posts\/38121"}],"collection":[{"href":"http:\/\/bonettiassociados.com.br\/index.php\/wp-json\/wp\/v2\/posts"}],"about":[{"href":"http:\/\/bonettiassociados.com.br\/index.php\/wp-json\/wp\/v2\/types\/post"}],"author":[{"embeddable":true,"href":"http:\/\/bonettiassociados.com.br\/index.php\/wp-json\/wp\/v2\/users\/6"}],"replies":[{"embeddable":true,"href":"http:\/\/bonettiassociados.com.br\/index.php\/wp-json\/wp\/v2\/comments?post=38121"}],"version-history":[{"count":1,"href":"http:\/\/bonettiassociados.com.br\/index.php\/wp-json\/wp\/v2\/posts\/38121\/revisions"}],"predecessor-version":[{"id":38122,"href":"http:\/\/bonettiassociados.com.br\/index.php\/wp-json\/wp\/v2\/posts\/38121\/revisions\/38122"}],"wp:attachment":[{"href":"http:\/\/bonettiassociados.com.br\/index.php\/wp-json\/wp\/v2\/media?parent=38121"}],"wp:term":[{"taxonomy":"category","embeddable":true,"href":"http:\/\/bonettiassociados.com.br\/index.php\/wp-json\/wp\/v2\/categories?post=38121"},{"taxonomy":"post_tag","embeddable":true,"href":"http:\/\/bonettiassociados.com.br\/index.php\/wp-json\/wp\/v2\/tags?post=38121"}],"curies":[{"name":"wp","href":"https:\/\/api.w.org\/{rel}","templated":true}]}}