{"id":35464,"date":"2024-01-12T11:15:39","date_gmt":"2024-01-12T14:15:39","guid":{"rendered":"http:\/\/bonettiassociados.com.br\/?p=35464"},"modified":"2024-01-12T11:15:39","modified_gmt":"2024-01-12T14:15:39","slug":"icms-entre-estabelecimentos-do-mesmo-dono-entenda-as-mudancas","status":"publish","type":"post","link":"http:\/\/bonettiassociados.com.br\/index.php\/2024\/01\/12\/icms-entre-estabelecimentos-do-mesmo-dono-entenda-as-mudancas\/","title":{"rendered":"ICMS ENTRE ESTABELECIMENTOS DO MESMO DONO: ENTENDA AS MUDAN\u00c7AS"},"content":{"rendered":"<p style=\"text-align: justify;\"><span style=\"font-family: arial, helvetica, sans-serif;\">Lei Complementar 204\/2023 estabelece a n\u00e3o incid\u00eancia do ICMS em transfer\u00eancias internas, seguindo a an\u00e1lise do STF e orienta\u00e7\u00f5es do Confaz.<\/span><span style=\"font-family: arial, helvetica, sans-serif;\"><strong>\u00a0<\/strong><\/span><!--more--><\/p>\n<p style=\"text-align: justify;\"><span style=\"font-family: arial, helvetica, sans-serif;\">Em 29 de dezembro de 2023, foi sancionada a Lei Complementar 204\/2023, marcando um marco significativo na legisla\u00e7\u00e3o tribut\u00e1ria brasileira. A nova lei veda a cobran\u00e7a do Imposto sobre Circula\u00e7\u00e3o de Mercadorias e Servi\u00e7os (ICMS) na transfer\u00eancia de mercadorias entre estabelecimentos pertencentes ao mesmo dono, conhecido como contribuinte. O impacto dessa mudan\u00e7a foi imediato, com vig\u00eancia a partir de 1\u00ba de janeiro de 2024, gerando, por\u00e9m, uma s\u00e9rie de questionamentos.<\/span><\/p>\n<p style=\"text-align: justify;\"><span style=\"font-family: arial, helvetica, sans-serif;\">A legisla\u00e7\u00e3o alinha-se \u00e0 decis\u00e3o do Supremo Tribunal Federal (STF) em abril de 2021, que declarou inconstitucionais dispositivos da Lei Complementar 87\/1996 (Lei Kandir). O STF, ap\u00f3s a ADC 49, negou a constitucionalidade da cobran\u00e7a do ICMS na transfer\u00eancia de mercadorias entre estabelecimentos do mesmo contribuinte.<\/span><\/p>\n<p style=\"text-align: justify;\"><span style=\"font-family: arial, helvetica, sans-serif;\"><strong>Emiss\u00e3o da Nota Fiscal em opera\u00e7\u00f5es interestaduais<\/strong><\/span><\/p>\n<p style=\"text-align: justify;\"><span style=\"font-family: arial, helvetica, sans-serif;\">Com a proibi\u00e7\u00e3o, surge a incerteza sobre a emiss\u00e3o da Nota Fiscal. O Confaz publicou o Conv\u00eanio 178\/2023, oferecendo orienta\u00e7\u00f5es claras. O \u00f3rg\u00e3o esclarece que os Documentos Fiscais Eletr\u00f4nicos (DFe) devem seguir a legisla\u00e7\u00e3o vigente em 2023, usando os campos de ICMS existentes, mesmo que n\u00e3o representem juridicamente a n\u00e3o incid\u00eancia.<\/span><\/p>\n<p style=\"text-align: justify;\"><span style=\"font-family: arial, helvetica, sans-serif;\">O Confaz instrui ainda a inclus\u00e3o do texto \u201cNota fiscal de transfer\u00eancia de bens e mercadorias n\u00e3o sujeita \u00e0 incid\u00eancia de ICMS, de que trata a ADC 49\u201d no campo de informa\u00e7\u00f5es adicionais do fisco.<\/span><\/p>\n<p style=\"text-align: justify;\"><span style=\"font-family: arial, helvetica, sans-serif;\"><strong>Transfer\u00eancia de cr\u00e9dito nas opera\u00e7\u00f5es internas<\/strong><\/span><\/p>\n<p style=\"text-align: justify;\"><span style=\"font-family: arial, helvetica, sans-serif;\">A incerteza sobre a transfer\u00eancia de cr\u00e9dito nas opera\u00e7\u00f5es internas levanta quest\u00f5es importantes. Alguns estados j\u00e1 se posicionaram, como:<\/span><\/p>\n<ul style=\"text-align: justify;\">\n<li><span style=\"font-family: arial, helvetica, sans-serif;\">Alagoas (AL): transfer\u00eancia opcional (Instru\u00e7\u00e3o Normativa SEF N\u00ba 90\/2023)<\/span><\/li>\n<li><span style=\"font-family: arial, helvetica, sans-serif;\">Esp\u00edrito Santo (ES): transfer\u00eancia obrigat\u00f3ria (Decreto 5.590-R\/2024)<\/span><\/li>\n<li><span style=\"font-family: arial, helvetica, sans-serif;\">Goi\u00e1s (GO): transfer\u00eancia opcional (Esclarecimento sobre a Transfer\u00eancia Interestadual de Mercadorias \u2013 Secretaria da Economia)<\/span><\/li>\n<li><span style=\"font-family: arial, helvetica, sans-serif;\">Mato Grosso do Sul (MS): transfer\u00eancia obrigat\u00f3ria (Decreto n\u00ba 16.355\/2023, Resolu\u00e7\u00e3o SEFAZ n\u00ba 3.356\/2023)<\/span><\/li>\n<li><span style=\"font-family: arial, helvetica, sans-serif;\">Pernambuco (PE): transfer\u00eancia opcional (Decreto n\u00ba 55.989\/2023)<\/span><\/li>\n<li><span style=\"font-family: arial, helvetica, sans-serif;\">S\u00e3o Paulo (SP): transfer\u00eancia opcional (Decreto 68.243\/23)<\/span><\/li>\n<\/ul>\n<p style=\"text-align: justify;\"><span style=\"font-family: arial, helvetica, sans-serif;\">Os demais estados ainda n\u00e3o se posicionaram, recomendando que os contribuintes acompanhem as publica\u00e7\u00f5es das normas.<\/span><\/p>\n<p style=\"text-align: justify;\"><span style=\"font-family: arial, helvetica, sans-serif;\"><strong>FONTE: CONT\u00c1BEIS \u2013 POR JULIANA MORATTO<\/strong><\/span><\/p>\n<p style=\"text-align: justify;\"><span style=\"font-family: arial, helvetica, sans-serif;\"><strong>\u00a0<\/strong><\/span><\/p>\n","protected":false},"excerpt":{"rendered":"<p>Lei Complementar 204\/2023 estabelece a n\u00e3o incid\u00eancia do ICMS em [&hellip;]<\/p>\n","protected":false},"author":6,"featured_media":0,"comment_status":"closed","ping_status":"open","sticky":false,"template":"","format":"standard","meta":{"jetpack_post_was_ever_published":false,"_jetpack_newsletter_access":"","_jetpack_dont_email_post_to_subs":false,"_jetpack_newsletter_tier_id":0,"_jetpack_memberships_contains_paywalled_content":false,"footnotes":"","_jetpack_memberships_contains_paid_content":false,"jetpack_publicize_message":"","jetpack_publicize_feature_enabled":true,"jetpack_social_post_already_shared":true,"jetpack_social_options":{"image_generator_settings":{"template":"highway","enabled":false}}},"categories":[2],"tags":[],"jetpack_publicize_connections":[],"jetpack_featured_media_url":"","jetpack_sharing_enabled":true,"jetpack_shortlink":"https:\/\/wp.me\/paFpWR-9e0","_links":{"self":[{"href":"http:\/\/bonettiassociados.com.br\/index.php\/wp-json\/wp\/v2\/posts\/35464"}],"collection":[{"href":"http:\/\/bonettiassociados.com.br\/index.php\/wp-json\/wp\/v2\/posts"}],"about":[{"href":"http:\/\/bonettiassociados.com.br\/index.php\/wp-json\/wp\/v2\/types\/post"}],"author":[{"embeddable":true,"href":"http:\/\/bonettiassociados.com.br\/index.php\/wp-json\/wp\/v2\/users\/6"}],"replies":[{"embeddable":true,"href":"http:\/\/bonettiassociados.com.br\/index.php\/wp-json\/wp\/v2\/comments?post=35464"}],"version-history":[{"count":2,"href":"http:\/\/bonettiassociados.com.br\/index.php\/wp-json\/wp\/v2\/posts\/35464\/revisions"}],"predecessor-version":[{"id":35466,"href":"http:\/\/bonettiassociados.com.br\/index.php\/wp-json\/wp\/v2\/posts\/35464\/revisions\/35466"}],"wp:attachment":[{"href":"http:\/\/bonettiassociados.com.br\/index.php\/wp-json\/wp\/v2\/media?parent=35464"}],"wp:term":[{"taxonomy":"category","embeddable":true,"href":"http:\/\/bonettiassociados.com.br\/index.php\/wp-json\/wp\/v2\/categories?post=35464"},{"taxonomy":"post_tag","embeddable":true,"href":"http:\/\/bonettiassociados.com.br\/index.php\/wp-json\/wp\/v2\/tags?post=35464"}],"curies":[{"name":"wp","href":"https:\/\/api.w.org\/{rel}","templated":true}]}}