{"id":3418,"date":"2019-07-12T11:03:21","date_gmt":"2019-07-12T14:03:21","guid":{"rendered":"http:\/\/bonettiassociados.com.br\/?p=3418"},"modified":"2019-07-12T11:03:21","modified_gmt":"2019-07-12T14:03:21","slug":"medida-provisoria-cria-comite-para-aplicacao-de-decisoes-do-carf","status":"publish","type":"post","link":"http:\/\/bonettiassociados.com.br\/index.php\/2019\/07\/12\/medida-provisoria-cria-comite-para-aplicacao-de-decisoes-do-carf\/","title":{"rendered":"MEDIDA PROVIS\u00d3RIA CRIA COMIT\u00ca PARA APLICA\u00c7\u00c3O DE DECIS\u00d5ES DO CARF"},"content":{"rendered":"<p style=\"text-align: justify;\"><span style=\"font-family: arial, helvetica, sans-serif;\">Segundo uma fonte ligada ao setor empresarial, o que antes era um jogo que come\u00e7ava 0 a 0, agora j\u00e1 estar\u00e1 3 a 0 a favor da Receita.<\/span><!--more--><\/p>\n<p style=\"text-align: justify;\"><span style=\"font-family: arial, helvetica, sans-serif;\">BRAS\u00cdLIA &#8211; A comiss\u00e3o do Congresso Nacional que analisa a Medida Provis\u00f3ria da \u201cLiberdade Econ\u00f4mica\u201d aprovou nesta quinta-feira a cria\u00e7\u00e3o de um comit\u00ea que editar\u00e1 s\u00famulas a serem seguidas por toda administra\u00e7\u00e3o tribut\u00e1ria federal &#8211; o que inclui Receita Federal e Procuradoria-Geral da Fazenda Nacional -, com base em julgamentos do Conselho Administrativo de Recursos Fiscais (Carf).<\/span><\/p>\n<p style=\"text-align: justify;\"><span style=\"font-family: arial, helvetica, sans-serif;\">Na pr\u00e1tica, os enunciados poder\u00e3o orientar a atua\u00e7\u00e3o de um auditor fiscal no momento de autuar uma empresa, por exemplo. Contudo, o comit\u00ea ser\u00e1 composto apenas por integrantes do pr\u00f3prio Carf, Receita e PGFN. Sem a participa\u00e7\u00e3o de representante de uma das confedera\u00e7\u00f5es empresariais, como a da Ind\u00fastria (CNI).<\/span><\/p>\n<p style=\"text-align: justify;\"><span style=\"font-family: arial, helvetica, sans-serif;\">A composi\u00e7\u00e3o do comit\u00ea foi modificada no parecer divulgado na manh\u00e3 desta quinta-feira ap\u00f3s press\u00e3o da Receita e da PGFN e preocupa entidades patronais. A participa\u00e7\u00e3o dessas entidades, afirmam fontes que atuaram na medida, garantiria paridade entre o governo e os contribuintes no novo comit\u00ea, como acontece atualmente no Carf.<\/span><\/p>\n<p style=\"text-align: justify;\"><span style=\"font-family: arial, helvetica, sans-serif;\">Segundo uma fonte ligada ao setor empresarial, o que antes era um jogo que come\u00e7ava 0 a 0, agora j\u00e1 estar\u00e1 3 a 0 a favor da Receita.<\/span><\/p>\n<p style=\"text-align: justify;\"><span style=\"font-family: arial, helvetica, sans-serif;\">Essa preocupa\u00e7\u00e3o \u00e9 infundada, de acordo com Rog\u00e9rio Campos, assessor especial da Secretaria Executiva do Minist\u00e9rio da Economia. Isso porque os enunciados tomar\u00e3o como base s\u00famulas, jurisprud\u00eancia e casos repetitivos julgados pelo Carf.<\/span><\/p>\n<p style=\"text-align: justify;\"><span style=\"font-family: arial, helvetica, sans-serif;\">Al\u00e9m disso, ele afirma que n\u00e3o se poder\u00e1 criar essas normativas sem esse amparo legal.<\/span><\/p>\n<p style=\"text-align: justify;\"><span style=\"font-family: arial, helvetica, sans-serif;\">\u201cO comit\u00ea n\u00e3o cria tese\u201d, segundo Campos, destacando que o texto da MP afirma que o comit\u00ea vai editar as s\u00famulas seguindo par\u00e2metros definidos pelo ministro da Economia e observando \u201cos atos administrativos, normativos e decis\u00f3rios praticados pelos referidos \u00f3rg\u00e3os\u201d.<\/span><\/p>\n<p style=\"text-align: justify;\"><span style=\"font-family: arial, helvetica, sans-serif;\">Campos afirma tamb\u00e9m que o Carf n\u00e3o perder\u00e1 poder. \u201c\u00c9 uma nova forma de vincula\u00e7\u00e3o. A s\u00famula do Carf continua existindo\u201d, diz. Hoje, os enunciados do Carf s\u00f3 se tornam vinculantes para toda a administra\u00e7\u00e3o se aprovados pelo ministro da Economia. Passar\u00e3o a poder ser aprovados tamb\u00e9m pelo comit\u00ea. \u201cA tend\u00eancia \u00e9 que se d\u00ea efeito vinculante para mais s\u00famulas feitas pelo Carf\u201d.<\/span><\/p>\n<p style=\"text-align: justify;\"><span style=\"font-family: arial, helvetica, sans-serif;\">Ainda falta a aprova\u00e7\u00e3o pelo Plen\u00e1rio da C\u00e2mara e do Senado, mas segundo o texto da MP, as s\u00famulas poder\u00e3o ser usadas para a PGFN desistir de contestar ou interpor recursos a decis\u00f5es, inclusive abrindo m\u00e3o de recursos j\u00e1 protocolados, para que auditores-fiscais da Receita e outros \u00f3rg\u00e3os da administra\u00e7\u00e3o p\u00fablica que atuem com cr\u00e9ditos tribut\u00e1rios e n\u00e3otribut\u00e1rios n\u00e3o realizem autua\u00e7\u00f5es.<\/span><\/p>\n<p style=\"text-align: justify;\"><span style=\"font-family: arial, helvetica, sans-serif;\">An\u00e1lise<\/span><\/p>\n<p style=\"text-align: justify;\"><span style=\"font-family: arial, helvetica, sans-serif;\">Entre advogados que atuam no Carf, a reda\u00e7\u00e3o do artigo da MP da &#8220;Liberdade Econ\u00f4mica&#8221; deixou d\u00favidas. Para Jo\u00e3o Marcos Colussi, s\u00f3cio do escrit\u00f3rio Mattos Filho, considerando que o dispositivo est\u00e1 em uma MP que tem como objetivo a liberdade econ\u00f4mica, n\u00e3o se pode pensar que, por deixar de fora as confedera\u00e7\u00f5es, o comit\u00ea foi criado para prejudicar os contribuintes. \u201cA ideia \u00e9 dar seguran\u00e7a jur\u00eddica para os temas elencados\u201d, afirma.<\/span><\/p>\n<p style=\"text-align: justify;\"><span style=\"font-family: arial, helvetica, sans-serif;\">J\u00e1 Leandro Bettini, do mesmo escrit\u00f3rio, v\u00ea com receio a inclus\u00e3o do dispositivo na medida provis\u00f3ria. Caso o comit\u00ea baseie-se em julgamentos reiterados do Carf, poder\u00e1 editar s\u00famulas que barrem o acesso dos contribuintes \u00e0 C\u00e2mara Superior em teses que costumam ser decididas contra eles. \u201c\u00c9 uma forma de ter um \u00f3rg\u00e3o sem a participa\u00e7\u00e3o da sociedade civil\u201d, diz.<\/span><\/p>\n<p style=\"text-align: justify;\"><span style=\"font-family: arial, helvetica, sans-serif;\"><strong>FONTE: Valor Econ\u00f4mico &#8211; Por Raphael Di Cunto e Beatriz Olivon<\/strong><\/span><\/p>\n","protected":false},"excerpt":{"rendered":"<p>Segundo uma fonte ligada ao setor empresarial, o que antes [&hellip;]<\/p>\n","protected":false},"author":6,"featured_media":0,"comment_status":"closed","ping_status":"open","sticky":false,"template":"","format":"standard","meta":{"jetpack_post_was_ever_published":false,"_jetpack_newsletter_access":"","_jetpack_dont_email_post_to_subs":false,"_jetpack_newsletter_tier_id":0,"_jetpack_memberships_contains_paywalled_content":false,"footnotes":"","_jetpack_memberships_contains_paid_content":false,"jetpack_publicize_message":"","jetpack_publicize_feature_enabled":true,"jetpack_social_post_already_shared":true,"jetpack_social_options":{"image_generator_settings":{"template":"highway","enabled":false}}},"categories":[2],"tags":[],"jetpack_publicize_connections":[],"jetpack_featured_media_url":"","jetpack_sharing_enabled":true,"jetpack_shortlink":"https:\/\/wp.me\/paFpWR-T8","_links":{"self":[{"href":"http:\/\/bonettiassociados.com.br\/index.php\/wp-json\/wp\/v2\/posts\/3418"}],"collection":[{"href":"http:\/\/bonettiassociados.com.br\/index.php\/wp-json\/wp\/v2\/posts"}],"about":[{"href":"http:\/\/bonettiassociados.com.br\/index.php\/wp-json\/wp\/v2\/types\/post"}],"author":[{"embeddable":true,"href":"http:\/\/bonettiassociados.com.br\/index.php\/wp-json\/wp\/v2\/users\/6"}],"replies":[{"embeddable":true,"href":"http:\/\/bonettiassociados.com.br\/index.php\/wp-json\/wp\/v2\/comments?post=3418"}],"version-history":[{"count":1,"href":"http:\/\/bonettiassociados.com.br\/index.php\/wp-json\/wp\/v2\/posts\/3418\/revisions"}],"predecessor-version":[{"id":3419,"href":"http:\/\/bonettiassociados.com.br\/index.php\/wp-json\/wp\/v2\/posts\/3418\/revisions\/3419"}],"wp:attachment":[{"href":"http:\/\/bonettiassociados.com.br\/index.php\/wp-json\/wp\/v2\/media?parent=3418"}],"wp:term":[{"taxonomy":"category","embeddable":true,"href":"http:\/\/bonettiassociados.com.br\/index.php\/wp-json\/wp\/v2\/categories?post=3418"},{"taxonomy":"post_tag","embeddable":true,"href":"http:\/\/bonettiassociados.com.br\/index.php\/wp-json\/wp\/v2\/tags?post=3418"}],"curies":[{"name":"wp","href":"https:\/\/api.w.org\/{rel}","templated":true}]}}